{"id":20162,"date":"2023-11-28T06:59:52","date_gmt":"2023-11-28T01:29:52","guid":{"rendered":"https:\/\/wpml.artech.com\/blog\/organizational-skills-making-your-job-applications-and-workplace-more-efficient\/"},"modified":"2026-04-07T13:39:55","modified_gmt":"2026-04-07T08:09:55","slug":"organizational-skills-making-your-job-applications-and-workplace-more-efficient","status":"publish","type":"post","link":"https:\/\/www.artech.com\/fr\/blog\/organizational-skills-making-your-job-applications-and-workplace-more-efficient\/","title":{"rendered":"Am\u00e9liorez vos candidatures gr\u00e2ce \u00e0 des comp\u00e9tences organisationnelles"},"content":{"rendered":"<p><img loading=\"lazy\" decoding=\"async\" class=\"wp-image-15006 size-full alignnone\" title=\"Blog Images 04\" src=\"https:\/\/www.artech.com\/wp-content\/uploads\/2023\/11\/Blog-Images-04.jpg\" alt=\"Organizational Skills\" width=\"511\" height=\"337\" \/><\/p>\n<h2 style=\"font-size: 23px;\">L&rsquo;importance des comp\u00e9tences organisationnelles<\/h2>\n<p>Dans un environnement professionnel qui valorise la rapidit\u00e9, l\u2019adaptabilit\u00e9 et l\u2019efficacit\u00e9, les comp\u00e9tences organisationnelles sont devenues un atout inestimable. Cependant, \u00eatre organis\u00e9 ne se limite pas \u00e0 ranger votre espace de travail ou \u00e0 tenir une liste de t\u00e2ches d\u00e9taill\u00e9e ; il s\u2019agit d\u2019une comp\u00e9tence multifacette qui englobe la gestion du temps, la priorisation des t\u00e2ches, la d\u00e9l\u00e9gation et bien plus encore. Dans ce guide complet, nous examinerons pourquoi les comp\u00e9tences organisationnelles sont essentielles, comment elles peuvent rendre vos candidatures plus attrayantes et pourquoi elles sont cruciales pour l\u2019efficacit\u00e9 au travail.<\/p>\n<h2 style=\"font-size: 23px;\">L&rsquo;importance des comp\u00e9tences organisationnelles<\/h2>\n<h3 style=\"font-size: 20px;\">Pour les candidatures<\/h3>\n<p>En mati\u00e8re de candidatures, les comp\u00e9tences organisationnelles sont pr\u00e9cieuses. Elles indiquent aux employeurs potentiels que vous \u00eates non seulement fiable, mais \u00e9galement efficace dans la gestion des t\u00e2ches et des collaborations d\u2019\u00e9quipe. Poss\u00e9der ces comp\u00e9tences vous distingue imm\u00e9diatement des autres candidats qui ne sont pas aussi comp\u00e9tents dans la planification et la gestion multit\u00e2che.<\/p>\n<h4>Adapter son CV<\/h4>\n<p>Le premier point pour mettre en valeur vos comp\u00e9tences organisationnelles est votre CV. Au lieu de simplement mentionner \u00ab comp\u00e9tences organisationnelles \u00bb comme force, utilisez des exemples concrets et chiffr\u00e9s pour d\u00e9montrer votre expertise. Par exemple, au lieu de dire \u00ab excellentes comp\u00e9tences organisationnelles \u00bb, vous pourriez sp\u00e9cifier : \u00ab Organisation d\u2019une \u00e9quipe de 15 personnes pour respecter 100 % des d\u00e9lais de projet sur deux ans \u00bb.<\/p>\n<h4>L&rsquo;avantage de la lettre de motivation<\/h4>\n<p>Votre lettre de motivation est une autre occasion de mettre en avant ces comp\u00e9tences. Prenez le temps de relier vos comp\u00e9tences organisationnelles aux objectifs de l\u2019entreprise et \u00e0 la mani\u00e8re dont elles peuvent contribuer au r\u00f4le que vous postulez. Racontez des exemples concrets o\u00f9 vos comp\u00e9tences organisationnelles ont r\u00e9solu un probl\u00e8me ou apport\u00e9 de la valeur \u00e0 vos postes pr\u00e9c\u00e9dents ou actuels.<\/p>\n<h4>Pr\u00e9paration \u00e0 l&rsquo;entretien<\/h4>\n<p>Lors des entretiens, il est probable que l\u2019on vous demande de discuter de vos comp\u00e9tences organisationnelles. Pr\u00e9parez des anecdotes qui illustrent ces comp\u00e9tences en action \u2014 par exemple, une situation o\u00f9 votre planification minutieuse a \u00e9vit\u00e9 une crise, ou comment vos comp\u00e9tences en priorisation ont am\u00e9lior\u00e9 la productivit\u00e9 de l\u2019\u00e9quipe.<\/p>\n<h3 style=\"font-size: 20px;\">Pour l\u2019efficacit\u00e9 en entreprise<\/h3>\n<p>Dans un environnement op\u00e9rationnel, l\u2019importance des comp\u00e9tences organisationnelles est multipli\u00e9e. Elles affectent non seulement la productivit\u00e9 individuelle, mais aussi l\u2019efficacit\u00e9 de toute l\u2019\u00e9quipe et, par extension, le succ\u00e8s de l\u2019organisation.<\/p>\n<h4>Gestion du temps<\/h4>\n<p>La gestion efficace du temps est une composante essentielle des comp\u00e9tences organisationnelles. Utilisez des outils comme les blocs de temps, les calendriers num\u00e9riques et les logiciels de gestion de projet pour structurer votre journ\u00e9e. Ces outils aident \u00e0 \u00e9viter le multit\u00e2che, qui, contrairement aux id\u00e9es re\u00e7ues, peut diminuer la productivit\u00e9.<\/p>\n<h4>Priorisation des t\u00e2ches<\/h4>\n<p>Les logiciels de gestion de t\u00e2ches ou m\u00eame une simple liste de choses \u00e0 faire peuvent aider \u00e0 prioriser les t\u00e2ches. Les t\u00e2ches doivent \u00eatre \u00e9valu\u00e9es en fonction de leur urgence et de leur importance. Des outils comme la matrice d\u2019Eisenhower peuvent aider \u00e0 classer les t\u00e2ches selon ces crit\u00e8res.<\/p>\n<h4>Le pouvoir de la d\u00e9l\u00e9gation<\/h4>\n<p>Un individu, aussi comp\u00e9tent soit-il, a des limites. Une d\u00e9l\u00e9gation efficace all\u00e8ge non seulement votre charge de travail, mais responsabilise \u00e9galement les membres de l\u2019\u00e9quipe en leur confiant des responsabilit\u00e9s. Cela am\u00e9liore le moral de l\u2019\u00e9quipe et vous permet de vous concentrer sur les t\u00e2ches n\u00e9cessitant vos comp\u00e9tences particuli\u00e8res.<\/p>\n<h4>Optimisation des processus<\/h4>\n<p>Un aspect cl\u00e9 des comp\u00e9tences organisationnelles en milieu professionnel est la capacit\u00e9 \u00e0 identifier les redondances et les inefficacit\u00e9s dans les processus existants. Des audits r\u00e9guliers des flux de travail peuvent aider \u00e0 rationaliser les activit\u00e9s, \u00e9conomisant ainsi du temps et r\u00e9duisant les co\u00fbts.<\/p>\n<h2 style=\"font-size: 23px;\">Strat\u00e9gies pour d\u00e9velopper ses comp\u00e9tences organisationnelles<\/h2>\n<h3 style=\"font-size: 20px;\">Apprentissage continu<\/h3>\n<p>Se tenir inform\u00e9 des outils et m\u00e9thodes organisationnelles peut vous fournir de nouvelles strat\u00e9gies pour maintenir l\u2019efficacit\u00e9. Les cours en ligne, webinaires et ateliers offrent une mine de connaissances pour ceux qui souhaitent am\u00e9liorer leurs comp\u00e9tences organisationnelles.<\/p>\n<h3 style=\"font-size: 20px;\">Auto-\u00e9valuation<\/h3>\n<p>\u00c9valuez p\u00e9riodiquement vos performances et vos axes d\u2019am\u00e9lioration. Les outils d\u2019auto-\u00e9valuation et les retours de vos coll\u00e8gues peuvent fournir des informations pr\u00e9cieuses sur l\u2019efficacit\u00e9 de l\u2019application de vos comp\u00e9tences organisationnelles.<\/p>\n<h3 style=\"font-size: 20px;\">Utilisation de la technologie<\/h3>\n<p>N\u2019h\u00e9sitez pas \u00e0 utiliser la technologie pour vous organiser. Les applications et logiciels de suivi du temps, de gestion de projets et de rappels peuvent consid\u00e9rablement am\u00e9liorer votre capacit\u00e9 \u00e0 rester organis\u00e9.<\/p>\n<h2 style=\"font-size: 23px;\">Conclusion<\/h2>\n<p>Les comp\u00e9tences organisationnelles sont essentielles dans le milieu professionnel actuel, rapide et exigeant. Elles peuvent non seulement rendre vos candidatures plus attrayantes, mais sont \u00e9galement cruciales pour am\u00e9liorer l\u2019efficacit\u00e9 et la productivit\u00e9 au sein de toute organisation. De la gestion du temps \u00e0 la d\u00e9l\u00e9gation en passant par l\u2019apprentissage continu, ma\u00eetriser ces comp\u00e9tences est indispensable pour r\u00e9ussir professionnellement.<\/p>\n<p>En vous concentrant sur l\u2019am\u00e9lioration de vos comp\u00e9tences organisationnelles, vous investissez dans la long\u00e9vit\u00e9 et le succ\u00e8s de votre carri\u00e8re. Rappelez-vous, \u00eatre organis\u00e9 ne se limite pas \u00e0 ranger votre espace physique ou num\u00e9rique ; il s\u2019agit d\u2019optimiser vos routines, vos t\u00e2ches et vos responsabilit\u00e9s pour fonctionner au mieux, tant sur le plan professionnel que personnel.<\/p>\n","protected":false},"excerpt":{"rendered":"<p>L&rsquo;importance des comp\u00e9tences organisationnelles Dans un environnement professionnel qui valorise la rapidit\u00e9, l\u2019adaptabilit\u00e9 et l\u2019efficacit\u00e9, les comp\u00e9tences organisationnelles sont devenues [&hellip;]<\/p>\n","protected":false},"author":4,"featured_media":20163,"comment_status":"closed","ping_status":"open","sticky":false,"template":"","format":"standard","meta":{"_acf_changed":false,"_monsterinsights_skip_tracking":false,"_monsterinsights_sitenote_active":false,"_monsterinsights_sitenote_note":"","_monsterinsights_sitenote_category":0,"_glsr_average":0,"_glsr_ranking":0,"_glsr_reviews":0,"footnotes":""},"categories":[56],"tags":[],"class_list":["post-20162","post","type-post","status-publish","format-standard","has-post-thumbnail","hentry","category-blog"],"acf":[],"yoast_head":"<!-- This site is optimized with the Yoast SEO plugin v27.4 - https:\/\/yoast.com\/product\/yoast-seo-wordpress\/ -->\n<title>Ma\u00eetriser les comp\u00e9tences organisationnelles : un guide pour r\u00e9ussir au travail \u2013 Artech<\/title>\n<meta name=\"description\" content=\"Dans un paysage professionnel qui valorise la rapidit\u00e9, l&#039;adaptabilit\u00e9 et l&#039;efficacit\u00e9, les comp\u00e9tences organisationnelles sont devenues un atout inestimable.\" \/>\n<meta name=\"robots\" content=\"index, follow, max-snippet:-1, max-image-preview:large, max-video-preview:-1\" \/>\n<link rel=\"canonical\" href=\"https:\/\/www.artech.com\/fr\/blog\/organizational-skills-making-your-job-applications-and-workplace-more-efficient\/\" \/>\n<meta property=\"og:locale\" content=\"fr_FR\" \/>\n<meta property=\"og:type\" content=\"article\" \/>\n<meta property=\"og:title\" content=\"Ma\u00eetriser les comp\u00e9tences organisationnelles : un guide pour r\u00e9ussir au travail \u2013 Artech\" \/>\n<meta property=\"og:description\" content=\"Dans un paysage professionnel qui valorise la rapidit\u00e9, l&#039;adaptabilit\u00e9 et l&#039;efficacit\u00e9, les comp\u00e9tences organisationnelles sont devenues un atout inestimable.\" \/>\n<meta property=\"og:url\" content=\"https:\/\/www.artech.com\/fr\/blog\/organizational-skills-making-your-job-applications-and-workplace-more-efficient\/\" \/>\n<meta property=\"og:site_name\" content=\"Artech\" \/>\n<meta property=\"article:publisher\" content=\"https:\/\/www.facebook.com\/ArtechLLC2\" \/>\n<meta property=\"article:published_time\" content=\"2023-11-28T01:29:52+00:00\" \/>\n<meta property=\"article:modified_time\" content=\"2026-04-07T08:09:55+00:00\" \/>\n<meta property=\"og:image\" content=\"https:\/\/www.artech.com\/wp-content\/uploads\/2023\/11\/Blog-Images-04.jpg\" \/>\n\t<meta property=\"og:image:width\" content=\"511\" \/>\n\t<meta property=\"og:image:height\" content=\"337\" \/>\n\t<meta property=\"og:image:type\" content=\"image\/jpeg\" \/>\n<meta name=\"author\" content=\"Ehatesham Huseni\" \/>\n<meta name=\"twitter:card\" content=\"summary_large_image\" \/>\n<meta name=\"twitter:creator\" content=\"@Artech_LLC\" \/>\n<meta name=\"twitter:site\" content=\"@Artech_LLC\" \/>\n<meta name=\"twitter:label1\" content=\"\u00c9crit par\" \/>\n\t<meta name=\"twitter:data1\" content=\"Ehatesham Huseni\" \/>\n\t<meta name=\"twitter:label2\" content=\"Dur\u00e9e de lecture estim\u00e9e\" \/>\n\t<meta name=\"twitter:data2\" content=\"4 minutes\" \/>\n<script type=\"application\/ld+json\" class=\"yoast-schema-graph\">{\"@context\":\"https:\\\/\\\/schema.org\",\"@graph\":[{\"@type\":\"Article\",\"@id\":\"https:\\\/\\\/www.artech.com\\\/fr\\\/blog\\\/organizational-skills-making-your-job-applications-and-workplace-more-efficient\\\/#article\",\"isPartOf\":{\"@id\":\"https:\\\/\\\/www.artech.com\\\/fr\\\/blog\\\/organizational-skills-making-your-job-applications-and-workplace-more-efficient\\\/\"},\"author\":{\"name\":\"Ehatesham Huseni\",\"@id\":\"https:\\\/\\\/www.artech.com\\\/fr\\\/#\\\/schema\\\/person\\\/7a64c417ce7854bcb1ba2fc1f1b9a57b\"},\"headline\":\"Am\u00e9liorez vos candidatures gr\u00e2ce \u00e0 des comp\u00e9tences organisationnelles\",\"datePublished\":\"2023-11-28T01:29:52+00:00\",\"dateModified\":\"2026-04-07T08:09:55+00:00\",\"mainEntityOfPage\":{\"@id\":\"https:\\\/\\\/www.artech.com\\\/fr\\\/blog\\\/organizational-skills-making-your-job-applications-and-workplace-more-efficient\\\/\"},\"wordCount\":941,\"publisher\":{\"@id\":\"https:\\\/\\\/www.artech.com\\\/fr\\\/#organization\"},\"image\":{\"@id\":\"https:\\\/\\\/www.artech.com\\\/fr\\\/blog\\\/organizational-skills-making-your-job-applications-and-workplace-more-efficient\\\/#primaryimage\"},\"thumbnailUrl\":\"https:\\\/\\\/www.artech.com\\\/wp-content\\\/uploads\\\/2023\\\/11\\\/Blog-Images-04.jpg\",\"articleSection\":[\"blog\"],\"inLanguage\":\"fr-FR\"},{\"@type\":\"WebPage\",\"@id\":\"https:\\\/\\\/www.artech.com\\\/fr\\\/blog\\\/organizational-skills-making-your-job-applications-and-workplace-more-efficient\\\/\",\"url\":\"https:\\\/\\\/www.artech.com\\\/fr\\\/blog\\\/organizational-skills-making-your-job-applications-and-workplace-more-efficient\\\/\",\"name\":\"Ma\u00eetriser les comp\u00e9tences organisationnelles : un guide pour r\u00e9ussir au travail \u2013 Artech\",\"isPartOf\":{\"@id\":\"https:\\\/\\\/www.artech.com\\\/fr\\\/#website\"},\"primaryImageOfPage\":{\"@id\":\"https:\\\/\\\/www.artech.com\\\/fr\\\/blog\\\/organizational-skills-making-your-job-applications-and-workplace-more-efficient\\\/#primaryimage\"},\"image\":{\"@id\":\"https:\\\/\\\/www.artech.com\\\/fr\\\/blog\\\/organizational-skills-making-your-job-applications-and-workplace-more-efficient\\\/#primaryimage\"},\"thumbnailUrl\":\"https:\\\/\\\/www.artech.com\\\/wp-content\\\/uploads\\\/2023\\\/11\\\/Blog-Images-04.jpg\",\"datePublished\":\"2023-11-28T01:29:52+00:00\",\"dateModified\":\"2026-04-07T08:09:55+00:00\",\"description\":\"Dans un paysage professionnel qui valorise la rapidit\u00e9, l'adaptabilit\u00e9 et l'efficacit\u00e9, les comp\u00e9tences organisationnelles sont devenues un atout inestimable.\",\"breadcrumb\":{\"@id\":\"https:\\\/\\\/www.artech.com\\\/fr\\\/blog\\\/organizational-skills-making-your-job-applications-and-workplace-more-efficient\\\/#breadcrumb\"},\"inLanguage\":\"fr-FR\",\"potentialAction\":[{\"@type\":\"ReadAction\",\"target\":[\"https:\\\/\\\/www.artech.com\\\/fr\\\/blog\\\/organizational-skills-making-your-job-applications-and-workplace-more-efficient\\\/\"]}]},{\"@type\":\"ImageObject\",\"inLanguage\":\"fr-FR\",\"@id\":\"https:\\\/\\\/www.artech.com\\\/fr\\\/blog\\\/organizational-skills-making-your-job-applications-and-workplace-more-efficient\\\/#primaryimage\",\"url\":\"https:\\\/\\\/www.artech.com\\\/wp-content\\\/uploads\\\/2023\\\/11\\\/Blog-Images-04.jpg\",\"contentUrl\":\"https:\\\/\\\/www.artech.com\\\/wp-content\\\/uploads\\\/2023\\\/11\\\/Blog-Images-04.jpg\",\"width\":511,\"height\":337,\"caption\":\"Blog Images 04\"},{\"@type\":\"BreadcrumbList\",\"@id\":\"https:\\\/\\\/www.artech.com\\\/fr\\\/blog\\\/organizational-skills-making-your-job-applications-and-workplace-more-efficient\\\/#breadcrumb\",\"itemListElement\":[{\"@type\":\"ListItem\",\"position\":1,\"name\":\"Home\",\"item\":\"https:\\\/\\\/www.artech.com\\\/fr\\\/\"},{\"@type\":\"ListItem\",\"position\":2,\"name\":\"Am\u00e9liorez vos candidatures gr\u00e2ce \u00e0 des comp\u00e9tences organisationnelles\"}]},{\"@type\":\"WebSite\",\"@id\":\"https:\\\/\\\/www.artech.com\\\/fr\\\/#website\",\"url\":\"https:\\\/\\\/www.artech.com\\\/fr\\\/\",\"name\":\"Artech\",\"description\":\"Intelligence is Human\",\"publisher\":{\"@id\":\"https:\\\/\\\/www.artech.com\\\/fr\\\/#organization\"},\"potentialAction\":[{\"@type\":\"SearchAction\",\"target\":{\"@type\":\"EntryPoint\",\"urlTemplate\":\"https:\\\/\\\/www.artech.com\\\/fr\\\/?s={search_term_string}\"},\"query-input\":{\"@type\":\"PropertyValueSpecification\",\"valueRequired\":true,\"valueName\":\"search_term_string\"}}],\"inLanguage\":\"fr-FR\"},{\"@type\":\"Organization\",\"@id\":\"https:\\\/\\\/www.artech.com\\\/fr\\\/#organization\",\"name\":\"Artech\",\"url\":\"https:\\\/\\\/www.artech.com\\\/fr\\\/\",\"logo\":{\"@type\":\"ImageObject\",\"inLanguage\":\"fr-FR\",\"@id\":\"https:\\\/\\\/www.artech.com\\\/fr\\\/#\\\/schema\\\/logo\\\/image\\\/\",\"url\":\"https:\\\/\\\/www.artech.com\\\/wp-content\\\/uploads\\\/2020\\\/12\\\/Artech-Logo.png\",\"contentUrl\":\"https:\\\/\\\/www.artech.com\\\/wp-content\\\/uploads\\\/2020\\\/12\\\/Artech-Logo.png\",\"width\":1435,\"height\":580,\"caption\":\"Artech\"},\"image\":{\"@id\":\"https:\\\/\\\/www.artech.com\\\/fr\\\/#\\\/schema\\\/logo\\\/image\\\/\"},\"sameAs\":[\"https:\\\/\\\/www.facebook.com\\\/ArtechLLC2\",\"https:\\\/\\\/x.com\\\/Artech_LLC\",\"https:\\\/\\\/www.linkedin.com\\\/company\\\/artechllc\\\/\",\"https:\\\/\\\/www.youtube.com\\\/c\\\/ArtechLLC\\\/videos\"]},{\"@type\":\"Person\",\"@id\":\"https:\\\/\\\/www.artech.com\\\/fr\\\/#\\\/schema\\\/person\\\/7a64c417ce7854bcb1ba2fc1f1b9a57b\",\"name\":\"Ehatesham Huseni\",\"image\":{\"@type\":\"ImageObject\",\"inLanguage\":\"fr-FR\",\"@id\":\"https:\\\/\\\/secure.gravatar.com\\\/avatar\\\/c8d6e982f93181db5161a5ae78ec31d67eceffdc420f1829d477ba1d125852de?s=96&d=mm&r=g\",\"url\":\"https:\\\/\\\/secure.gravatar.com\\\/avatar\\\/c8d6e982f93181db5161a5ae78ec31d67eceffdc420f1829d477ba1d125852de?s=96&d=mm&r=g\",\"contentUrl\":\"https:\\\/\\\/secure.gravatar.com\\\/avatar\\\/c8d6e982f93181db5161a5ae78ec31d67eceffdc420f1829d477ba1d125852de?s=96&d=mm&r=g\",\"caption\":\"Ehatesham Huseni\"},\"url\":\"https:\\\/\\\/www.artech.com\\\/fr\\\/author\\\/ehatesham-huseni\\\/\"}]}<\/script>\n<!-- \/ Yoast SEO plugin. -->","yoast_head_json":{"title":"Ma\u00eetriser les comp\u00e9tences organisationnelles : un guide pour r\u00e9ussir au travail \u2013 Artech","description":"Dans un paysage professionnel qui valorise la rapidit\u00e9, l'adaptabilit\u00e9 et l'efficacit\u00e9, les comp\u00e9tences organisationnelles sont devenues un atout inestimable.","robots":{"index":"index","follow":"follow","max-snippet":"max-snippet:-1","max-image-preview":"max-image-preview:large","max-video-preview":"max-video-preview:-1"},"canonical":"https:\/\/www.artech.com\/fr\/blog\/organizational-skills-making-your-job-applications-and-workplace-more-efficient\/","og_locale":"fr_FR","og_type":"article","og_title":"Ma\u00eetriser les comp\u00e9tences organisationnelles : un guide pour r\u00e9ussir au travail \u2013 Artech","og_description":"Dans un paysage professionnel qui valorise la rapidit\u00e9, l'adaptabilit\u00e9 et l'efficacit\u00e9, les comp\u00e9tences organisationnelles sont devenues un atout inestimable.","og_url":"https:\/\/www.artech.com\/fr\/blog\/organizational-skills-making-your-job-applications-and-workplace-more-efficient\/","og_site_name":"Artech","article_publisher":"https:\/\/www.facebook.com\/ArtechLLC2","article_published_time":"2023-11-28T01:29:52+00:00","article_modified_time":"2026-04-07T08:09:55+00:00","og_image":[{"width":511,"height":337,"url":"https:\/\/www.artech.com\/wp-content\/uploads\/2023\/11\/Blog-Images-04.jpg","type":"image\/jpeg"}],"author":"Ehatesham Huseni","twitter_card":"summary_large_image","twitter_creator":"@Artech_LLC","twitter_site":"@Artech_LLC","twitter_misc":{"\u00c9crit par":"Ehatesham Huseni","Dur\u00e9e de lecture estim\u00e9e":"4 minutes"},"schema":{"@context":"https:\/\/schema.org","@graph":[{"@type":"Article","@id":"https:\/\/www.artech.com\/fr\/blog\/organizational-skills-making-your-job-applications-and-workplace-more-efficient\/#article","isPartOf":{"@id":"https:\/\/www.artech.com\/fr\/blog\/organizational-skills-making-your-job-applications-and-workplace-more-efficient\/"},"author":{"name":"Ehatesham Huseni","@id":"https:\/\/www.artech.com\/fr\/#\/schema\/person\/7a64c417ce7854bcb1ba2fc1f1b9a57b"},"headline":"Am\u00e9liorez vos candidatures gr\u00e2ce \u00e0 des comp\u00e9tences organisationnelles","datePublished":"2023-11-28T01:29:52+00:00","dateModified":"2026-04-07T08:09:55+00:00","mainEntityOfPage":{"@id":"https:\/\/www.artech.com\/fr\/blog\/organizational-skills-making-your-job-applications-and-workplace-more-efficient\/"},"wordCount":941,"publisher":{"@id":"https:\/\/www.artech.com\/fr\/#organization"},"image":{"@id":"https:\/\/www.artech.com\/fr\/blog\/organizational-skills-making-your-job-applications-and-workplace-more-efficient\/#primaryimage"},"thumbnailUrl":"https:\/\/www.artech.com\/wp-content\/uploads\/2023\/11\/Blog-Images-04.jpg","articleSection":["blog"],"inLanguage":"fr-FR"},{"@type":"WebPage","@id":"https:\/\/www.artech.com\/fr\/blog\/organizational-skills-making-your-job-applications-and-workplace-more-efficient\/","url":"https:\/\/www.artech.com\/fr\/blog\/organizational-skills-making-your-job-applications-and-workplace-more-efficient\/","name":"Ma\u00eetriser les comp\u00e9tences organisationnelles : un guide pour r\u00e9ussir au travail \u2013 Artech","isPartOf":{"@id":"https:\/\/www.artech.com\/fr\/#website"},"primaryImageOfPage":{"@id":"https:\/\/www.artech.com\/fr\/blog\/organizational-skills-making-your-job-applications-and-workplace-more-efficient\/#primaryimage"},"image":{"@id":"https:\/\/www.artech.com\/fr\/blog\/organizational-skills-making-your-job-applications-and-workplace-more-efficient\/#primaryimage"},"thumbnailUrl":"https:\/\/www.artech.com\/wp-content\/uploads\/2023\/11\/Blog-Images-04.jpg","datePublished":"2023-11-28T01:29:52+00:00","dateModified":"2026-04-07T08:09:55+00:00","description":"Dans un paysage professionnel qui valorise la rapidit\u00e9, l'adaptabilit\u00e9 et l'efficacit\u00e9, les comp\u00e9tences organisationnelles sont devenues un atout inestimable.","breadcrumb":{"@id":"https:\/\/www.artech.com\/fr\/blog\/organizational-skills-making-your-job-applications-and-workplace-more-efficient\/#breadcrumb"},"inLanguage":"fr-FR","potentialAction":[{"@type":"ReadAction","target":["https:\/\/www.artech.com\/fr\/blog\/organizational-skills-making-your-job-applications-and-workplace-more-efficient\/"]}]},{"@type":"ImageObject","inLanguage":"fr-FR","@id":"https:\/\/www.artech.com\/fr\/blog\/organizational-skills-making-your-job-applications-and-workplace-more-efficient\/#primaryimage","url":"https:\/\/www.artech.com\/wp-content\/uploads\/2023\/11\/Blog-Images-04.jpg","contentUrl":"https:\/\/www.artech.com\/wp-content\/uploads\/2023\/11\/Blog-Images-04.jpg","width":511,"height":337,"caption":"Blog Images 04"},{"@type":"BreadcrumbList","@id":"https:\/\/www.artech.com\/fr\/blog\/organizational-skills-making-your-job-applications-and-workplace-more-efficient\/#breadcrumb","itemListElement":[{"@type":"ListItem","position":1,"name":"Home","item":"https:\/\/www.artech.com\/fr\/"},{"@type":"ListItem","position":2,"name":"Am\u00e9liorez vos candidatures gr\u00e2ce \u00e0 des comp\u00e9tences organisationnelles"}]},{"@type":"WebSite","@id":"https:\/\/www.artech.com\/fr\/#website","url":"https:\/\/www.artech.com\/fr\/","name":"Artech","description":"Intelligence is Human","publisher":{"@id":"https:\/\/www.artech.com\/fr\/#organization"},"potentialAction":[{"@type":"SearchAction","target":{"@type":"EntryPoint","urlTemplate":"https:\/\/www.artech.com\/fr\/?s={search_term_string}"},"query-input":{"@type":"PropertyValueSpecification","valueRequired":true,"valueName":"search_term_string"}}],"inLanguage":"fr-FR"},{"@type":"Organization","@id":"https:\/\/www.artech.com\/fr\/#organization","name":"Artech","url":"https:\/\/www.artech.com\/fr\/","logo":{"@type":"ImageObject","inLanguage":"fr-FR","@id":"https:\/\/www.artech.com\/fr\/#\/schema\/logo\/image\/","url":"https:\/\/www.artech.com\/wp-content\/uploads\/2020\/12\/Artech-Logo.png","contentUrl":"https:\/\/www.artech.com\/wp-content\/uploads\/2020\/12\/Artech-Logo.png","width":1435,"height":580,"caption":"Artech"},"image":{"@id":"https:\/\/www.artech.com\/fr\/#\/schema\/logo\/image\/"},"sameAs":["https:\/\/www.facebook.com\/ArtechLLC2","https:\/\/x.com\/Artech_LLC","https:\/\/www.linkedin.com\/company\/artechllc\/","https:\/\/www.youtube.com\/c\/ArtechLLC\/videos"]},{"@type":"Person","@id":"https:\/\/www.artech.com\/fr\/#\/schema\/person\/7a64c417ce7854bcb1ba2fc1f1b9a57b","name":"Ehatesham Huseni","image":{"@type":"ImageObject","inLanguage":"fr-FR","@id":"https:\/\/secure.gravatar.com\/avatar\/c8d6e982f93181db5161a5ae78ec31d67eceffdc420f1829d477ba1d125852de?s=96&d=mm&r=g","url":"https:\/\/secure.gravatar.com\/avatar\/c8d6e982f93181db5161a5ae78ec31d67eceffdc420f1829d477ba1d125852de?s=96&d=mm&r=g","contentUrl":"https:\/\/secure.gravatar.com\/avatar\/c8d6e982f93181db5161a5ae78ec31d67eceffdc420f1829d477ba1d125852de?s=96&d=mm&r=g","caption":"Ehatesham Huseni"},"url":"https:\/\/www.artech.com\/fr\/author\/ehatesham-huseni\/"}]}},"_links":{"self":[{"href":"https:\/\/www.artech.com\/fr\/wp-json\/wp\/v2\/posts\/20162","targetHints":{"allow":["GET"]}}],"collection":[{"href":"https:\/\/www.artech.com\/fr\/wp-json\/wp\/v2\/posts"}],"about":[{"href":"https:\/\/www.artech.com\/fr\/wp-json\/wp\/v2\/types\/post"}],"author":[{"embeddable":true,"href":"https:\/\/www.artech.com\/fr\/wp-json\/wp\/v2\/users\/4"}],"replies":[{"embeddable":true,"href":"https:\/\/www.artech.com\/fr\/wp-json\/wp\/v2\/comments?post=20162"}],"version-history":[{"count":2,"href":"https:\/\/www.artech.com\/fr\/wp-json\/wp\/v2\/posts\/20162\/revisions"}],"predecessor-version":[{"id":21971,"href":"https:\/\/www.artech.com\/fr\/wp-json\/wp\/v2\/posts\/20162\/revisions\/21971"}],"wp:featuredmedia":[{"embeddable":true,"href":"https:\/\/www.artech.com\/fr\/wp-json\/wp\/v2\/media\/20163"}],"wp:attachment":[{"href":"https:\/\/www.artech.com\/fr\/wp-json\/wp\/v2\/media?parent=20162"}],"wp:term":[{"taxonomy":"category","embeddable":true,"href":"https:\/\/www.artech.com\/fr\/wp-json\/wp\/v2\/categories?post=20162"},{"taxonomy":"post_tag","embeddable":true,"href":"https:\/\/www.artech.com\/fr\/wp-json\/wp\/v2\/tags?post=20162"}],"curies":[{"name":"wp","href":"https:\/\/api.w.org\/{rel}","templated":true}]}}