{"id":21774,"date":"2026-03-17T21:20:35","date_gmt":"2026-03-17T15:50:35","guid":{"rendered":"https:\/\/www.artech.com\/non-categorise\/contingent-workforce-program-measuring\/"},"modified":"2026-04-01T12:50:34","modified_gmt":"2026-04-01T07:20:34","slug":"contingent-workforce-program-measuring","status":"publish","type":"post","link":"https:\/\/www.artech.com\/fr\/blog\/contingent-workforce-program-measuring\/","title":{"rendered":"\u00c9laborez un programme de main-d&#8217;\u0153uvre contingente qui mesure l&#8217;impact, et non simplement les taux de pourvoi."},"content":{"rendered":"<p><img loading=\"lazy\" decoding=\"async\" class=\"alignnone wp-image-22564 size-large\" title=\"Build a Contingent Workforce Program That Measures Impact, Not Just Fill Rates\" src=\"https:\/\/www.artech.com\/wp-content\/uploads\/2026\/03\/Build-a-Contingent-Workforce-Program-That-Measures-Impact-Not-Just-Fill-Rates-AdobeStock_846421068-scaled-1.jpeg\" alt=\"Contingent workforce program metrics dashboard showing impact measurement beyond fill rates\" width=\"1024\" height=\"540\" \/><\/p>\n<p>&nbsp;<\/p>\n<p>Une question revient sans cesse dans les discussions avec les dirigeants d&rsquo;entreprise\u00a0: celle qui touche au c\u0153ur m\u00eame des indicateurs de performance et du retour sur investissement li\u00e9s au travail temporaire.<\/p>\n<p>Il ne s&rsquo;agit pas seulement de savoir si nous pourvoyons les postes rapidement\u00a0; la plupart des programmes s&rsquo;en chargent d\u00e9j\u00e0. La question plus complexe est\u00a0: \u00ab\u00a0Ces nouvelles recrues ont-elles un r\u00e9el impact\u00a0?\u00a0\u00bb<\/p>\n<p>Cela para\u00eet simple. Mais pour la plupart des programmes de gestion des effectifs temporaires, la v\u00e9rit\u00e9 est que nous n&rsquo;en savons rien. Les tableaux de bord sont ax\u00e9s sur la rapidit\u00e9 et le volume. L&rsquo;entreprise, elle, s&rsquo;int\u00e9resse aux r\u00e9sultats et \u00e0 la valeur ajout\u00e9e.<\/p>\n<p>Cet \u00e9cart est au c\u0153ur de nombreuses discussions chez <a href=\"https:\/\/contingentstaffing.wbresearch.com\/\">Recrutement temporaire ProcureCon 2026<\/a> Cela va bient\u00f4t arriver. Et c&rsquo;est plus que n\u00e9cessaire.<\/p>\n<h2><strong>Le taux de remplissage est un point de d\u00e9part, pas un indicateur de performance.<\/strong><\/h2>\n<p>Le taux de pourvoi est crucial. Les postes vacants nuisent \u00e0 la productivit\u00e9, \u00e9puisent les \u00e9quipes et bloquent les projets.<\/p>\n<p>Cependant, le taux de pourvoi ne r\u00e9pond qu&rsquo;\u00e0 une seule question\u00a0: une personne a-t-elle commenc\u00e9 sa mission \u00e0 temps et au tarif convenu\u00a0?<\/p>\n<p>Il ne dit rien sur la r\u00e9alisation du projet, la fid\u00e9lit\u00e9 du prestataire, la volont\u00e9 du responsable du recrutement de collaborer \u00e0 nouveau avec cette personne, ni m\u00eame si le besoin de comp\u00e9tences initial a \u00e9t\u00e9 combl\u00e9.<\/p>\n<p>Selon l&rsquo;American Staffing Association, les agences d&rsquo;int\u00e9rim am\u00e9ricaines employaient un peu moins de 2 millions de travailleurs temporaires et contractuels par semaine au troisi\u00e8me trimestre 2025, et leur chiffre d&rsquo;affaires trimestriel restait inf\u00e9rieur de 8,5\u00a0% \u00e0 celui du troisi\u00e8me trimestre 2024. Le volume d&rsquo;activit\u00e9 se redresse, mais lentement et sous forte pression sur les marges. Dans ce contexte, l&rsquo;argument \u00ab\u00a0nous avons pourvu tous les postes\u00a0\u00bb n&rsquo;est pas suffisamment convaincant pour les audits d&rsquo;achats, les comit\u00e9s financiers ou les dirigeants qui doivent justifier les d\u00e9penses li\u00e9es au personnel int\u00e9rimaire.<\/p>\n<p>Les programmes qui r\u00e9sistent \u00e0 cet examen rigoureux sont ceux qui ont d\u00e9pass\u00e9 le simple cadre du taux de pourvoi et qui ont mis en place un ensemble clair d&rsquo;indicateurs d&rsquo;impact du personnel int\u00e9rimaire, compr\u00e9hensibles par tous.<\/p>\n<h2><strong>Comment les dirigeants doivent-ils mesurer l&rsquo;impact d&rsquo;un programme de main-d&rsquo;\u0153uvre temporaire\u00a0?<\/strong><\/h2>\n<p>Cela ne n\u00e9cessite ni nouvelle plateforme ni refonte en six mois. Il suffit de s\u00e9lectionner quelques indicateurs cl\u00e9s qui relient le programme aux priorit\u00e9s fondamentales de l&rsquo;entreprise.<\/p>\n<h3><strong>Quels indicateurs cl\u00e9s de performance (KPI) sont plus importants que le taux de remplissage\u00a0?<\/strong><\/h3>\n<p>Quatre dimensions distinguent syst\u00e9matiquement les programmes matures des programmes r\u00e9actifs\u00a0:<\/p>\n<ol>\n<li><strong> R\u00e9sultats de la livraison.<\/strong> Les projets \u00e0 forte composante contingente sont-ils men\u00e9s \u00e0 bien dans les d\u00e9lais et le budget impartis\u00a0? Cette simple question relie le programme CW \u00e0 un concept que tout dirigeant comprend\u00a0: la r\u00e9ussite d\u2019un projet.<\/li>\n<li><strong> Qualit\u00e9 du recrutement.<\/strong> La satisfaction des responsables du recrutement, le taux de d\u00e9part rapide et le taux de red\u00e9ploiement sont des indicateurs de qualit\u00e9 bien plus pertinents que n&rsquo;importe quel volume d&#8217;embauches. Les \u00e9tudes sectorielles confirment que, face \u00e0 la pr\u00e9dominance des \u00ab\u00a0engagements prudents\u00a0\u00bb sur les d\u00e9cisions d&#8217;embauche massives, la pression pour d\u00e9montrer la valeur ajout\u00e9e de chaque recrutement temporaire s&rsquo;accro\u00eet. Un recrutement rapide, suivi d&rsquo;un d\u00e9part au bout de 60 jours, co\u00fbte plus cher qu&rsquo;un recrutement plus long, mais fructueux et durable.<\/li>\n<li><strong> Couverture des comp\u00e9tences.<\/strong> L&rsquo;\u00e9tude 2025 de KPMG sur les strat\u00e9gies de gestion des talents ax\u00e9es sur les comp\u00e9tences met en \u00e9vidence un changement majeur\u00a0: les entreprises d\u00e9laissent les intitul\u00e9s de poste au profit des comp\u00e9tences individuelles comme \u00e9l\u00e9ment central de la planification des effectifs. Pour les programmes de formation continue, la question pertinente n&rsquo;est plus \u00ab\u00a0combien de personnes avons-nous embauch\u00e9es\u00a0?\u00a0\u00bb mais \u00ab\u00a0avons-nous recrut\u00e9 les comp\u00e9tences les plus importantes pour cette initiative\u00a0?\u00a0\u00bb<\/li>\n<li><strong> Co\u00fbt et risque.<\/strong> Un taux horaire bas n&rsquo;est pas synonyme de faible co\u00fbt. Les pr\u00e9visions de l&rsquo;ASA pour 2026 placent la conformit\u00e9 l\u00e9gale, la classification des travailleurs, les r\u00e8gles de recrutement bas\u00e9es sur l&rsquo;IA et la transparence salariale parmi les principales priorit\u00e9s strat\u00e9giques des programmes de gestion des effectifs. Les erreurs de classification et les lacunes en mati\u00e8re de conformit\u00e9 peuvent rapidement an\u00e9antir les \u00e9conomies r\u00e9alis\u00e9es. Les programmes qui suivent le co\u00fbt par mission r\u00e9ussie \u2013 et non le simple co\u00fbt horaire \u2013 offrent une vision beaucoup plus r\u00e9aliste du retour sur investissement.<\/li>\n<\/ol>\n<h2><strong>Pourquoi la plupart des tableaux de bord relatifs \u00e0 la main-d&rsquo;\u0153uvre temporaire se concentrent-ils encore sur le taux de remplissage\u00a0?<\/strong><\/h2>\n<p>Si la plupart des programmes de gestion des talents externes (CW) se basent encore par d\u00e9faut sur le taux de placement, ce n&rsquo;est pas par manque de sensibilisation, mais par un probl\u00e8me structurel.<\/p>\n<p>Le syst\u00e8me de gestion des fournisseurs (VMS) met en \u00e9vidence ce qui est facile \u00e0 quantifier\u00a0: le d\u00e9lai de placement, les demandes en cours et le respect des taux. Les donn\u00e9es relatives aux r\u00e9sultats des projets, \u00e0 la satisfaction des gestionnaires et \u00e0 la conformit\u00e9 sont r\u00e9parties dans diff\u00e9rents syst\u00e8mes, g\u00e9r\u00e9s par diff\u00e9rentes \u00e9quipes. Les achats, les RH, la finance et les op\u00e9rations ont chacun une vision partielle de la situation. Personne n&rsquo;en a la ma\u00eetrise de bout en bout.<\/p>\n<p>Le rapport \u00ab\u00a0L&rsquo;avenir des emplois 2025\u00a0\u00bb du Forum \u00e9conomique mondial (WEF) souligne que la pens\u00e9e analytique et l&rsquo;adaptabilit\u00e9 sont d\u00e9sormais les qualit\u00e9s les plus recherch\u00e9es par les employeurs, et non plus seulement les comp\u00e9tences techniques. Si vos indicateurs de performance en mati\u00e8re de CW ne permettent pas d&rsquo;\u00e9valuer la contribution des talents externes aux r\u00e9sultats de l&rsquo;entreprise, vous ne mesurez pas r\u00e9ellement ce que vous achetez.<\/p>\n<p>C&rsquo;est ce changement structurel que les dirigeants commencent \u00e0 identifier et qu&rsquo;ils cherchent \u00e0 corriger.<\/p>\n<h2><strong>\u00c0 quoi ressemble un tableau de bord am\u00e9lior\u00e9 pour la main-d&rsquo;\u0153uvre temporaire\u00a0?<\/strong><\/h2>\n<p>Vous n&rsquo;avez pas besoin de dizaines de nouveaux indicateurs. Il vous faut un petit ensemble partag\u00e9 que les services des achats, des RH et l&rsquo;ensemble de l&rsquo;entreprise puissent interpr\u00e9ter de la m\u00eame mani\u00e8re.<\/p>\n<table>\n<thead style=\"background-color: #293b95; color: #fff;\">\n<tr>\n<td><strong>Dimension<\/strong><\/td>\n<td><strong>Que mesurer<\/strong><\/td>\n<\/tr>\n<\/thead>\n<tbody>\n<tr>\n<td><strong>Livraison<\/strong><\/td>\n<td>Taux d&rsquo;ach\u00e8vement des projets ; lancement dans les d\u00e9lais pour les initiatives \u00e0 forte composante contingente<\/td>\n<\/tr>\n<tr>\n<td><strong>Qualit\u00e9<\/strong><\/td>\n<td>Satisfaction des responsables du recrutement\u00a0; taux de d\u00e9part pr\u00e9coce\u00a0; taux de red\u00e9ploiement et de r\u00e9embauche<\/td>\n<\/tr>\n<tr>\n<td><strong>Comp\u00e9tences<\/strong><\/td>\n<td>D\u00e9lai d&rsquo;acquisition des comp\u00e9tences critiques\u00a0; couverture des comp\u00e9tences par rapport aux priorit\u00e9s de l&rsquo;entreprise<\/td>\n<\/tr>\n<tr>\n<td><strong>Co\u00fbt et risque<\/strong><\/td>\n<td>Co\u00fbt par mission r\u00e9ussie\u00a0; incidents de non-conformit\u00e9\u00a0; concentration des fournisseurs<\/td>\n<\/tr>\n<\/tbody>\n<\/table>\n<p>Revoyez ces \u00e9l\u00e9ments chaque trimestre. Ajustez-les \u00e0 mesure que le programme \u00e9volue. L&rsquo;objectif est de parvenir \u00e0 un langage commun, permettant de relier les financeurs et les responsables du programme.<\/p>\n<h2><strong>Points communs aux meilleurs programmes<\/strong><\/h2>\n<p>Apr\u00e8s plus de trente ans de collaboration avec des entreprises du Fortune 500 et des organisations du secteur public, une tendance se d\u00e9gage\u00a0: les programmes de gestion des effectifs temporaires qui perdurent ne se d\u00e9finissent ni par leurs tarifs ni par leur rapidit\u00e9. Leur succ\u00e8s repose sur une vision partag\u00e9e, entre les services achats, les RH et les autres services op\u00e9rationnels, de ce que signifie la r\u00e9ussite une fois le poste pourvu.<\/p>\n<p>C\u2019est pr\u00e9cis\u00e9ment ce type de dialogue que nous avons h\u00e2te de poursuivre en avril prochain.<\/p>\n<h2><strong>Parlons d&rsquo;impact<\/strong><\/h2>\n<p>Les questions relatives \u00e0 la performance des programmes, au rapport co\u00fbt-qualit\u00e9 et aux facteurs de r\u00e9silience des programmes de gestion des effectifs temporaires sont celles que nous abordons quotidiennement avec nos clients.<\/p>\n<p>Si vous vous rendez \u00e0 Las Vegas en avril et souhaitez r\u00e9fl\u00e9chir \u00e0 la mani\u00e8re de faire \u00e9voluer votre programme, en passant d&rsquo;indicateurs de taux de remplissage \u00e0 un impact concret sur votre activit\u00e9, nous serions ravis de vous rencontrer.<\/p>\n<p><a href=\"https:\/\/contingentstaffing.wbresearch.com\/\">Consultez le programme et inscrivez-vous ici \u2014 et retrouvons-nous \u00e0 ProcureCon.<\/a><\/p>\n<p><a href=\"https:\/\/contingentstaffing.wbresearch.com\/\"><img loading=\"lazy\" decoding=\"async\" class=\"size-large wp-image-22563\" title=\"Blog Build a Contingent Workforce Program That Measures Impact, Not Just Fill Rates Banner\" src=\"https:\/\/wpml.artech.com\/wp-content\/uploads\/2026\/03\/Blog-Build-a-Contingent-Workforce-Program-That-Measures-Impact-Not-Just-Fill-Rates-Banner-1024x239.jpg\" alt=\"Blog Build a Contingent Workforce Program That Measures Impact, Not Just Fill Rates Banner\" width=\"1024\" height=\"239\" \/><\/a><\/p>\n<p><em>Vinu Varghese est vice-pr\u00e9sident associ\u00e9 chez Artech, la plus grande entreprise de recrutement informatique d\u00e9tenue par des femmes aux \u00c9tats-Unis. Il y accompagne les dirigeants d&rsquo;entreprises et du secteur public dans l&rsquo;optimisation de leurs strat\u00e9gies de gestion des effectifs et des talents. Fort d&rsquo;une vaste exp\u00e9rience, il collabore avec les DSI, DRH, directeurs des op\u00e9rations et directeurs financiers pour les aider \u00e0 privil\u00e9gier les r\u00e9sultats concrets \u2013 tels que la r\u00e9alisation des projets, la couverture des comp\u00e9tences, les co\u00fbts et les risques \u2013 plut\u00f4t que les taux de recrutement.<\/em><\/p>\n<p>&nbsp;<\/p>\n<p><script>\n{<\/p>\n<p>  \"@context\": \"https:\/\/schema.org\",<\/p>\n<p>  \"@type\": \"Person\",<\/p>\n<p>  \"name\": \"Vinu Varghese\",<\/p>\n<p>  \"jobTitle\": \"Associate Vice President\",<\/p>\n<p>  \"worksFor\": {<\/p>\n<p>    \"@type\": \"Organization\",<\/p>\n<p>    \"name\": \"Artech\",<\/p>\n<p>    \"url\": \"https:\/\/www.artech.com\"<\/p>\n<p>  },<\/p>\n<p>  \"description\": \"Vinu Varghese is an Associate Vice President at Artech, the largest women-owned IT staffing firm in the U.S. He partners with enterprise and public-sector leaders to improve workforce and talent strategies, helping organizations move beyond fill-rate metrics to measurable business outcomes such as project delivery, skills coverage, cost optimization, and risk management in contingent workforce programs.\",<\/p>\n<p>  \"url\": \"https:\/\/www.artech.com\/blog\/build-a-contingent-workforce-program-that-measures-impact-not-just-fill-rates%22,<\/p>\n<p>  \"knowsAbout\": [<\/p>\n<p>    \"Contingent Workforce Strategy\",<\/p>\n<p>    \"Workforce Analytics\",<\/p>\n<p>    \"Talent Strategy\",<\/p>\n<p>    \"IT Staffing\",<\/p>\n<p>    \"Workforce Program Management\"<\/p>\n<p>  ],<\/p>\n<p>  \"worksFor\": {<\/p>\n<p>    \"@type\": \"Organization\",<\/p>\n<p>    \"name\": \"Artech\",<\/p>\n<p>    \"url\": \"https:\/\/www.artech.com\"<\/p>\n<p>  }<\/p>\n<p>}<span data-mce-type=\"bookmark\" style=\"display: inline-block; width: 0px; overflow: hidden; line-height: 0;\" class=\"mce_SELRES_start\">\n<\/script><\/p>\n","protected":false},"excerpt":{"rendered":"<p>&nbsp; Une question revient sans cesse dans les discussions avec les dirigeants d&rsquo;entreprise\u00a0: celle qui touche au c\u0153ur m\u00eame des [&hellip;]<\/p>\n","protected":false},"author":3,"featured_media":21776,"comment_status":"closed","ping_status":"open","sticky":false,"template":"","format":"standard","meta":{"_acf_changed":false,"_monsterinsights_skip_tracking":false,"_monsterinsights_sitenote_active":false,"_monsterinsights_sitenote_note":"","_monsterinsights_sitenote_category":0,"_glsr_average":0,"_glsr_ranking":0,"_glsr_reviews":0,"footnotes":""},"categories":[56],"tags":[],"class_list":["post-21774","post","type-post","status-publish","format-standard","has-post-thumbnail","hentry","category-blog"],"acf":[],"yoast_head":"<!-- This site is optimized with the Yoast SEO plugin v27.5 - https:\/\/yoast.com\/product\/yoast-seo-wordpress\/ -->\n<title>\u00c9laborez un programme de main-d&#039;\u0153uvre contingente qui mesure l&#039;impact, et non simplement les taux de pourvoi.<\/title>\n<meta name=\"description\" content=\"Mettez en place un programme de gestion des effectifs temporaires qui mesure l&#039;impact r\u00e9el sur l&#039;activit\u00e9 au-del\u00e0 des taux de recrutement. Identifiez les indicateurs cl\u00e9s de performance (KPI) tels que les r\u00e9sultats obtenus, la qualit\u00e9 des embauches, la couverture des comp\u00e9tences et les indicateurs de rentabilit\u00e9.\" \/>\n<meta name=\"robots\" content=\"index, follow, max-snippet:-1, max-image-preview:large, max-video-preview:-1\" \/>\n<link rel=\"canonical\" href=\"https:\/\/www.artech.com\/fr\/blog\/contingent-workforce-program-measuring\/\" \/>\n<meta property=\"og:locale\" content=\"fr_FR\" \/>\n<meta property=\"og:type\" content=\"article\" \/>\n<meta property=\"og:title\" content=\"\u00c9laborez un programme de main-d&#039;\u0153uvre contingente qui mesure l&#039;impact, et non simplement les taux de pourvoi.\" \/>\n<meta property=\"og:description\" content=\"Mettez en place un programme de gestion des effectifs temporaires qui mesure l&#039;impact r\u00e9el sur l&#039;activit\u00e9 au-del\u00e0 des taux de recrutement. Identifiez les indicateurs cl\u00e9s de performance (KPI) tels que les r\u00e9sultats obtenus, la qualit\u00e9 des embauches, la couverture des comp\u00e9tences et les indicateurs de rentabilit\u00e9.\" \/>\n<meta property=\"og:url\" content=\"https:\/\/www.artech.com\/fr\/blog\/contingent-workforce-program-measuring\/\" \/>\n<meta property=\"og:site_name\" content=\"Artech\" \/>\n<meta property=\"article:publisher\" content=\"https:\/\/www.facebook.com\/ArtechLLC2\" \/>\n<meta property=\"article:published_time\" content=\"2026-03-17T15:50:35+00:00\" \/>\n<meta property=\"article:modified_time\" content=\"2026-04-01T07:20:34+00:00\" \/>\n<meta property=\"og:image\" content=\"https:\/\/www.artech.com\/wp-content\/uploads\/2026\/03\/Build-a-Contingent-Workforce-Program-That-Measures-Impact-Not-Just-Fill-Rates-AdobeStock_846421068-scaled-1.jpeg\" \/>\n\t<meta property=\"og:image:width\" content=\"2560\" \/>\n\t<meta property=\"og:image:height\" content=\"1350\" \/>\n\t<meta property=\"og:image:type\" content=\"image\/jpeg\" \/>\n<meta name=\"author\" content=\"Artech Marketing\" \/>\n<meta name=\"twitter:card\" content=\"summary_large_image\" \/>\n<meta name=\"twitter:creator\" content=\"@Artech_LLC\" \/>\n<meta name=\"twitter:site\" content=\"@Artech_LLC\" \/>\n<meta name=\"twitter:label1\" content=\"\u00c9crit par\" \/>\n\t<meta name=\"twitter:data1\" content=\"Artech Marketing\" \/>\n\t<meta name=\"twitter:label2\" content=\"Dur\u00e9e de lecture estim\u00e9e\" \/>\n\t<meta name=\"twitter:data2\" content=\"7 minutes\" \/>\n<script type=\"application\/ld+json\" class=\"yoast-schema-graph\">{\"@context\":\"https:\\\/\\\/schema.org\",\"@graph\":[{\"@type\":\"Article\",\"@id\":\"https:\\\/\\\/www.artech.com\\\/fr\\\/blog\\\/contingent-workforce-program-measuring\\\/#article\",\"isPartOf\":{\"@id\":\"https:\\\/\\\/www.artech.com\\\/fr\\\/blog\\\/contingent-workforce-program-measuring\\\/\"},\"author\":{\"name\":\"Artech Marketing\",\"@id\":\"https:\\\/\\\/www.artech.com\\\/fr\\\/#\\\/schema\\\/person\\\/76f7b46f879385a770eac84d1eda5e42\"},\"headline\":\"\u00c9laborez un programme de main-d&#8217;\u0153uvre contingente qui mesure l&#8217;impact, et non simplement les taux de pourvoi.\",\"datePublished\":\"2026-03-17T15:50:35+00:00\",\"dateModified\":\"2026-04-01T07:20:34+00:00\",\"mainEntityOfPage\":{\"@id\":\"https:\\\/\\\/www.artech.com\\\/fr\\\/blog\\\/contingent-workforce-program-measuring\\\/\"},\"wordCount\":1494,\"publisher\":{\"@id\":\"https:\\\/\\\/www.artech.com\\\/fr\\\/#organization\"},\"image\":{\"@id\":\"https:\\\/\\\/www.artech.com\\\/fr\\\/blog\\\/contingent-workforce-program-measuring\\\/#primaryimage\"},\"thumbnailUrl\":\"https:\\\/\\\/www.artech.com\\\/wp-content\\\/uploads\\\/2026\\\/03\\\/Build-a-Contingent-Workforce-Program-That-Measures-Impact-Not-Just-Fill-Rates-AdobeStock_846421068-scaled-1.jpeg\",\"articleSection\":[\"blog\"],\"inLanguage\":\"fr-FR\"},{\"@type\":\"WebPage\",\"@id\":\"https:\\\/\\\/www.artech.com\\\/fr\\\/blog\\\/contingent-workforce-program-measuring\\\/\",\"url\":\"https:\\\/\\\/www.artech.com\\\/fr\\\/blog\\\/contingent-workforce-program-measuring\\\/\",\"name\":\"\u00c9laborez un programme de main-d'\u0153uvre contingente qui mesure l'impact, et non simplement les taux de pourvoi.\",\"isPartOf\":{\"@id\":\"https:\\\/\\\/www.artech.com\\\/fr\\\/#website\"},\"primaryImageOfPage\":{\"@id\":\"https:\\\/\\\/www.artech.com\\\/fr\\\/blog\\\/contingent-workforce-program-measuring\\\/#primaryimage\"},\"image\":{\"@id\":\"https:\\\/\\\/www.artech.com\\\/fr\\\/blog\\\/contingent-workforce-program-measuring\\\/#primaryimage\"},\"thumbnailUrl\":\"https:\\\/\\\/www.artech.com\\\/wp-content\\\/uploads\\\/2026\\\/03\\\/Build-a-Contingent-Workforce-Program-That-Measures-Impact-Not-Just-Fill-Rates-AdobeStock_846421068-scaled-1.jpeg\",\"datePublished\":\"2026-03-17T15:50:35+00:00\",\"dateModified\":\"2026-04-01T07:20:34+00:00\",\"description\":\"Mettez en place un programme de gestion des effectifs temporaires qui mesure l'impact r\u00e9el sur l'activit\u00e9 au-del\u00e0 des taux de recrutement. Identifiez les indicateurs cl\u00e9s de performance (KPI) tels que les r\u00e9sultats obtenus, la qualit\u00e9 des embauches, la couverture des comp\u00e9tences et les indicateurs de rentabilit\u00e9.\",\"breadcrumb\":{\"@id\":\"https:\\\/\\\/www.artech.com\\\/fr\\\/blog\\\/contingent-workforce-program-measuring\\\/#breadcrumb\"},\"inLanguage\":\"fr-FR\",\"potentialAction\":[{\"@type\":\"ReadAction\",\"target\":[\"https:\\\/\\\/www.artech.com\\\/fr\\\/blog\\\/contingent-workforce-program-measuring\\\/\"]}]},{\"@type\":\"ImageObject\",\"inLanguage\":\"fr-FR\",\"@id\":\"https:\\\/\\\/www.artech.com\\\/fr\\\/blog\\\/contingent-workforce-program-measuring\\\/#primaryimage\",\"url\":\"https:\\\/\\\/www.artech.com\\\/wp-content\\\/uploads\\\/2026\\\/03\\\/Build-a-Contingent-Workforce-Program-That-Measures-Impact-Not-Just-Fill-Rates-AdobeStock_846421068-scaled-1.jpeg\",\"contentUrl\":\"https:\\\/\\\/www.artech.com\\\/wp-content\\\/uploads\\\/2026\\\/03\\\/Build-a-Contingent-Workforce-Program-That-Measures-Impact-Not-Just-Fill-Rates-AdobeStock_846421068-scaled-1.jpeg\",\"width\":2560,\"height\":1350,\"caption\":\"Build a Contingent Workforce Program That Measures Impact Not Just Fill Rates AdobeStock 846421068 scaled\"},{\"@type\":\"BreadcrumbList\",\"@id\":\"https:\\\/\\\/www.artech.com\\\/fr\\\/blog\\\/contingent-workforce-program-measuring\\\/#breadcrumb\",\"itemListElement\":[{\"@type\":\"ListItem\",\"position\":1,\"name\":\"Home\",\"item\":\"https:\\\/\\\/www.artech.com\\\/fr\\\/\"},{\"@type\":\"ListItem\",\"position\":2,\"name\":\"\u00c9laborez un programme de main-d&#8217;\u0153uvre contingente qui mesure l&#8217;impact, et non simplement les taux de pourvoi.\"}]},{\"@type\":\"WebSite\",\"@id\":\"https:\\\/\\\/www.artech.com\\\/fr\\\/#website\",\"url\":\"https:\\\/\\\/www.artech.com\\\/fr\\\/\",\"name\":\"Artech\",\"description\":\"Intelligence is Human\",\"publisher\":{\"@id\":\"https:\\\/\\\/www.artech.com\\\/fr\\\/#organization\"},\"potentialAction\":[{\"@type\":\"SearchAction\",\"target\":{\"@type\":\"EntryPoint\",\"urlTemplate\":\"https:\\\/\\\/www.artech.com\\\/fr\\\/?s={search_term_string}\"},\"query-input\":{\"@type\":\"PropertyValueSpecification\",\"valueRequired\":true,\"valueName\":\"search_term_string\"}}],\"inLanguage\":\"fr-FR\"},{\"@type\":\"Organization\",\"@id\":\"https:\\\/\\\/www.artech.com\\\/fr\\\/#organization\",\"name\":\"Artech\",\"url\":\"https:\\\/\\\/www.artech.com\\\/fr\\\/\",\"logo\":{\"@type\":\"ImageObject\",\"inLanguage\":\"fr-FR\",\"@id\":\"https:\\\/\\\/www.artech.com\\\/fr\\\/#\\\/schema\\\/logo\\\/image\\\/\",\"url\":\"https:\\\/\\\/www.artech.com\\\/wp-content\\\/uploads\\\/2020\\\/12\\\/Artech-Logo.png\",\"contentUrl\":\"https:\\\/\\\/www.artech.com\\\/wp-content\\\/uploads\\\/2020\\\/12\\\/Artech-Logo.png\",\"width\":1435,\"height\":580,\"caption\":\"Artech\"},\"image\":{\"@id\":\"https:\\\/\\\/www.artech.com\\\/fr\\\/#\\\/schema\\\/logo\\\/image\\\/\"},\"sameAs\":[\"https:\\\/\\\/www.facebook.com\\\/ArtechLLC2\",\"https:\\\/\\\/x.com\\\/Artech_LLC\",\"https:\\\/\\\/www.linkedin.com\\\/company\\\/artechllc\\\/\",\"https:\\\/\\\/www.youtube.com\\\/c\\\/ArtechLLC\\\/videos\"]},{\"@type\":\"Person\",\"@id\":\"https:\\\/\\\/www.artech.com\\\/fr\\\/#\\\/schema\\\/person\\\/76f7b46f879385a770eac84d1eda5e42\",\"name\":\"Artech Marketing\",\"image\":{\"@type\":\"ImageObject\",\"inLanguage\":\"fr-FR\",\"@id\":\"https:\\\/\\\/secure.gravatar.com\\\/avatar\\\/e473ef97da3f928787c37d4635054367d31ff8e7c953176b8cff434346c010a7?s=96&d=mm&r=g\",\"url\":\"https:\\\/\\\/secure.gravatar.com\\\/avatar\\\/e473ef97da3f928787c37d4635054367d31ff8e7c953176b8cff434346c010a7?s=96&d=mm&r=g\",\"contentUrl\":\"https:\\\/\\\/secure.gravatar.com\\\/avatar\\\/e473ef97da3f928787c37d4635054367d31ff8e7c953176b8cff434346c010a7?s=96&d=mm&r=g\",\"caption\":\"Artech Marketing\"},\"url\":\"https:\\\/\\\/www.artech.com\\\/fr\\\/author\\\/artech_marketing\\\/\"}]}<\/script>\n<!-- \/ Yoast SEO plugin. -->","yoast_head_json":{"title":"\u00c9laborez un programme de main-d'\u0153uvre contingente qui mesure l'impact, et non simplement les taux de pourvoi.","description":"Mettez en place un programme de gestion des effectifs temporaires qui mesure l'impact r\u00e9el sur l'activit\u00e9 au-del\u00e0 des taux de recrutement. Identifiez les indicateurs cl\u00e9s de performance (KPI) tels que les r\u00e9sultats obtenus, la qualit\u00e9 des embauches, la couverture des comp\u00e9tences et les indicateurs de rentabilit\u00e9.","robots":{"index":"index","follow":"follow","max-snippet":"max-snippet:-1","max-image-preview":"max-image-preview:large","max-video-preview":"max-video-preview:-1"},"canonical":"https:\/\/www.artech.com\/fr\/blog\/contingent-workforce-program-measuring\/","og_locale":"fr_FR","og_type":"article","og_title":"\u00c9laborez un programme de main-d'\u0153uvre contingente qui mesure l'impact, et non simplement les taux de pourvoi.","og_description":"Mettez en place un programme de gestion des effectifs temporaires qui mesure l'impact r\u00e9el sur l'activit\u00e9 au-del\u00e0 des taux de recrutement. Identifiez les indicateurs cl\u00e9s de performance (KPI) tels que les r\u00e9sultats obtenus, la qualit\u00e9 des embauches, la couverture des comp\u00e9tences et les indicateurs de rentabilit\u00e9.","og_url":"https:\/\/www.artech.com\/fr\/blog\/contingent-workforce-program-measuring\/","og_site_name":"Artech","article_publisher":"https:\/\/www.facebook.com\/ArtechLLC2","article_published_time":"2026-03-17T15:50:35+00:00","article_modified_time":"2026-04-01T07:20:34+00:00","og_image":[{"width":2560,"height":1350,"url":"https:\/\/www.artech.com\/wp-content\/uploads\/2026\/03\/Build-a-Contingent-Workforce-Program-That-Measures-Impact-Not-Just-Fill-Rates-AdobeStock_846421068-scaled-1.jpeg","type":"image\/jpeg"}],"author":"Artech Marketing","twitter_card":"summary_large_image","twitter_creator":"@Artech_LLC","twitter_site":"@Artech_LLC","twitter_misc":{"\u00c9crit par":"Artech Marketing","Dur\u00e9e de lecture estim\u00e9e":"7 minutes"},"schema":{"@context":"https:\/\/schema.org","@graph":[{"@type":"Article","@id":"https:\/\/www.artech.com\/fr\/blog\/contingent-workforce-program-measuring\/#article","isPartOf":{"@id":"https:\/\/www.artech.com\/fr\/blog\/contingent-workforce-program-measuring\/"},"author":{"name":"Artech Marketing","@id":"https:\/\/www.artech.com\/fr\/#\/schema\/person\/76f7b46f879385a770eac84d1eda5e42"},"headline":"\u00c9laborez un programme de main-d&#8217;\u0153uvre contingente qui mesure l&#8217;impact, et non simplement les taux de pourvoi.","datePublished":"2026-03-17T15:50:35+00:00","dateModified":"2026-04-01T07:20:34+00:00","mainEntityOfPage":{"@id":"https:\/\/www.artech.com\/fr\/blog\/contingent-workforce-program-measuring\/"},"wordCount":1494,"publisher":{"@id":"https:\/\/www.artech.com\/fr\/#organization"},"image":{"@id":"https:\/\/www.artech.com\/fr\/blog\/contingent-workforce-program-measuring\/#primaryimage"},"thumbnailUrl":"https:\/\/www.artech.com\/wp-content\/uploads\/2026\/03\/Build-a-Contingent-Workforce-Program-That-Measures-Impact-Not-Just-Fill-Rates-AdobeStock_846421068-scaled-1.jpeg","articleSection":["blog"],"inLanguage":"fr-FR"},{"@type":"WebPage","@id":"https:\/\/www.artech.com\/fr\/blog\/contingent-workforce-program-measuring\/","url":"https:\/\/www.artech.com\/fr\/blog\/contingent-workforce-program-measuring\/","name":"\u00c9laborez un programme de main-d'\u0153uvre contingente qui mesure l'impact, et non simplement les taux de pourvoi.","isPartOf":{"@id":"https:\/\/www.artech.com\/fr\/#website"},"primaryImageOfPage":{"@id":"https:\/\/www.artech.com\/fr\/blog\/contingent-workforce-program-measuring\/#primaryimage"},"image":{"@id":"https:\/\/www.artech.com\/fr\/blog\/contingent-workforce-program-measuring\/#primaryimage"},"thumbnailUrl":"https:\/\/www.artech.com\/wp-content\/uploads\/2026\/03\/Build-a-Contingent-Workforce-Program-That-Measures-Impact-Not-Just-Fill-Rates-AdobeStock_846421068-scaled-1.jpeg","datePublished":"2026-03-17T15:50:35+00:00","dateModified":"2026-04-01T07:20:34+00:00","description":"Mettez en place un programme de gestion des effectifs temporaires qui mesure l'impact r\u00e9el sur l'activit\u00e9 au-del\u00e0 des taux de recrutement. Identifiez les indicateurs cl\u00e9s de performance (KPI) tels que les r\u00e9sultats obtenus, la qualit\u00e9 des embauches, la couverture des comp\u00e9tences et les indicateurs de rentabilit\u00e9.","breadcrumb":{"@id":"https:\/\/www.artech.com\/fr\/blog\/contingent-workforce-program-measuring\/#breadcrumb"},"inLanguage":"fr-FR","potentialAction":[{"@type":"ReadAction","target":["https:\/\/www.artech.com\/fr\/blog\/contingent-workforce-program-measuring\/"]}]},{"@type":"ImageObject","inLanguage":"fr-FR","@id":"https:\/\/www.artech.com\/fr\/blog\/contingent-workforce-program-measuring\/#primaryimage","url":"https:\/\/www.artech.com\/wp-content\/uploads\/2026\/03\/Build-a-Contingent-Workforce-Program-That-Measures-Impact-Not-Just-Fill-Rates-AdobeStock_846421068-scaled-1.jpeg","contentUrl":"https:\/\/www.artech.com\/wp-content\/uploads\/2026\/03\/Build-a-Contingent-Workforce-Program-That-Measures-Impact-Not-Just-Fill-Rates-AdobeStock_846421068-scaled-1.jpeg","width":2560,"height":1350,"caption":"Build a Contingent Workforce Program That Measures Impact Not Just Fill Rates AdobeStock 846421068 scaled"},{"@type":"BreadcrumbList","@id":"https:\/\/www.artech.com\/fr\/blog\/contingent-workforce-program-measuring\/#breadcrumb","itemListElement":[{"@type":"ListItem","position":1,"name":"Home","item":"https:\/\/www.artech.com\/fr\/"},{"@type":"ListItem","position":2,"name":"\u00c9laborez un programme de main-d&#8217;\u0153uvre contingente qui mesure l&#8217;impact, et non simplement les taux de pourvoi."}]},{"@type":"WebSite","@id":"https:\/\/www.artech.com\/fr\/#website","url":"https:\/\/www.artech.com\/fr\/","name":"Artech","description":"Intelligence is Human","publisher":{"@id":"https:\/\/www.artech.com\/fr\/#organization"},"potentialAction":[{"@type":"SearchAction","target":{"@type":"EntryPoint","urlTemplate":"https:\/\/www.artech.com\/fr\/?s={search_term_string}"},"query-input":{"@type":"PropertyValueSpecification","valueRequired":true,"valueName":"search_term_string"}}],"inLanguage":"fr-FR"},{"@type":"Organization","@id":"https:\/\/www.artech.com\/fr\/#organization","name":"Artech","url":"https:\/\/www.artech.com\/fr\/","logo":{"@type":"ImageObject","inLanguage":"fr-FR","@id":"https:\/\/www.artech.com\/fr\/#\/schema\/logo\/image\/","url":"https:\/\/www.artech.com\/wp-content\/uploads\/2020\/12\/Artech-Logo.png","contentUrl":"https:\/\/www.artech.com\/wp-content\/uploads\/2020\/12\/Artech-Logo.png","width":1435,"height":580,"caption":"Artech"},"image":{"@id":"https:\/\/www.artech.com\/fr\/#\/schema\/logo\/image\/"},"sameAs":["https:\/\/www.facebook.com\/ArtechLLC2","https:\/\/x.com\/Artech_LLC","https:\/\/www.linkedin.com\/company\/artechllc\/","https:\/\/www.youtube.com\/c\/ArtechLLC\/videos"]},{"@type":"Person","@id":"https:\/\/www.artech.com\/fr\/#\/schema\/person\/76f7b46f879385a770eac84d1eda5e42","name":"Artech Marketing","image":{"@type":"ImageObject","inLanguage":"fr-FR","@id":"https:\/\/secure.gravatar.com\/avatar\/e473ef97da3f928787c37d4635054367d31ff8e7c953176b8cff434346c010a7?s=96&d=mm&r=g","url":"https:\/\/secure.gravatar.com\/avatar\/e473ef97da3f928787c37d4635054367d31ff8e7c953176b8cff434346c010a7?s=96&d=mm&r=g","contentUrl":"https:\/\/secure.gravatar.com\/avatar\/e473ef97da3f928787c37d4635054367d31ff8e7c953176b8cff434346c010a7?s=96&d=mm&r=g","caption":"Artech Marketing"},"url":"https:\/\/www.artech.com\/fr\/author\/artech_marketing\/"}]}},"_links":{"self":[{"href":"https:\/\/www.artech.com\/fr\/wp-json\/wp\/v2\/posts\/21774","targetHints":{"allow":["GET"]}}],"collection":[{"href":"https:\/\/www.artech.com\/fr\/wp-json\/wp\/v2\/posts"}],"about":[{"href":"https:\/\/www.artech.com\/fr\/wp-json\/wp\/v2\/types\/post"}],"author":[{"embeddable":true,"href":"https:\/\/www.artech.com\/fr\/wp-json\/wp\/v2\/users\/3"}],"replies":[{"embeddable":true,"href":"https:\/\/www.artech.com\/fr\/wp-json\/wp\/v2\/comments?post=21774"}],"version-history":[{"count":2,"href":"https:\/\/www.artech.com\/fr\/wp-json\/wp\/v2\/posts\/21774\/revisions"}],"predecessor-version":[{"id":21778,"href":"https:\/\/www.artech.com\/fr\/wp-json\/wp\/v2\/posts\/21774\/revisions\/21778"}],"wp:featuredmedia":[{"embeddable":true,"href":"https:\/\/www.artech.com\/fr\/wp-json\/wp\/v2\/media\/21776"}],"wp:attachment":[{"href":"https:\/\/www.artech.com\/fr\/wp-json\/wp\/v2\/media?parent=21774"}],"wp:term":[{"taxonomy":"category","embeddable":true,"href":"https:\/\/www.artech.com\/fr\/wp-json\/wp\/v2\/categories?post=21774"},{"taxonomy":"post_tag","embeddable":true,"href":"https:\/\/www.artech.com\/fr\/wp-json\/wp\/v2\/tags?post=21774"}],"curies":[{"name":"wp","href":"https:\/\/api.w.org\/{rel}","templated":true}]}}