{"id":21857,"date":"2026-04-02T21:31:09","date_gmt":"2026-04-02T16:01:09","guid":{"rendered":"https:\/\/www.artech.com\/non-categorise\/make-candidate-quality-a-contingent-workforce-metric\/"},"modified":"2026-04-07T17:38:58","modified_gmt":"2026-04-07T12:08:58","slug":"make-candidate-quality-a-contingent-workforce-metric","status":"publish","type":"post","link":"https:\/\/www.artech.com\/fr\/blog\/make-candidate-quality-a-contingent-workforce-metric\/","title":{"rendered":"Faites de la qualit\u00e9 des candidats un indicateur de la main-d&#8217;\u0153uvre contingente, et non simplement un objectif de recrutement."},"content":{"rendered":"<p><img loading=\"lazy\" decoding=\"async\" class=\"alignnone wp-image-22708 size-large\" title=\"Cadre d'indicateurs de qualit\u00e9 de la main-d'\u0153uvre contingente, alignant les responsables du recrutement, les RH et les achats.\" src=\"https:\/\/www.artech.com\/wp-content\/uploads\/2026\/04\/Blog-Make-Candidate-Quality-a-Contingent-Workforce-Metric-Not-Just-a-Recruiting-Goal-AdobeStock_1945914167-scaled-1.jpeg\" alt=\"Cadre d'indicateurs de qualit\u00e9 de la main-d'\u0153uvre contingente, alignant les responsables du recrutement, les RH et les achats.\" width=\"1024\" height=\"683\" \/><\/p>\n<p><span data-contrast=\"auto\">Un probl\u00e8me de qualit\u00e9 li\u00e9 \u00e0 la main-d&rsquo;\u0153uvre temporaire ne se manifeste pas par une simple erreur. Il peut s&rsquo;agir d&rsquo;un prestataire inadapt\u00e9, parti au bout de 60 jours ou dont le suivi a \u00e9t\u00e9 excessif. Le service des achats examine le fournisseur. Les RH rev\u00e9rifient la s\u00e9lection. Le responsable du recrutement subit les perturbations et perd confiance dans le programme.<\/span><span data-ccp-props=\"{}\">\u00a0<\/span><\/p>\n<p><span data-contrast=\"auto\">Mais le probl\u00e8me ne vient pas du recruteur. C\u2019est l\u2019absence d\u2019une d\u00e9finition commune et claire de la \u00ab\u00a0qualit\u00e9\u00a0\u00bb au sein du programme.<\/span><span data-ccp-props=\"{}\">\u00a0<\/span><\/p>\n<p><span data-contrast=\"auto\">Les programmes suivent les d\u00e9parts pr\u00e9coces, les faux d\u00e9parts, l&rsquo;ach\u00e8vement des missions et les motifs de fermeture. Ces indicateurs sont importants, mais ils nous renseignent sur les probl\u00e8mes survenus apr\u00e8s l&#8217;embauche, et non sur la capacit\u00e9 de cette derni\u00e8re \u00e0 apporter une r\u00e9elle valeur ajout\u00e9e.<\/span><span data-ccp-props=\"{}\">\u00a0<\/span><\/p>\n<p><span data-contrast=\"auto\">C\u2019est pourquoi la vraie question n\u2019est pas \u00ab\u00a0Mesurons-nous le taux de roulement\u00a0?\u00a0\u00bb mais \u00ab\u00a0Utilisons-nous ces indicateurs pour am\u00e9liorer les r\u00e9sultats en mati\u00e8re de recrutement, ou simplement pour les rendre compte\u00a0?\u00a0\u00bb<\/span><span data-ccp-props=\"{}\">\u00a0<\/span><\/p>\n<p><span data-contrast=\"auto\">C\u2019est cette distinction que la plupart des programmes n\u00e9gligent \u2014 et c\u2019est pourquoi la qualit\u00e9 se d\u00e9grade bien avant le premier entretien.<\/span><span data-ccp-props=\"{}\">\u00a0<\/span><\/p>\n<h2><b><span data-contrast=\"auto\">L\u00e0 o\u00f9 la qualit\u00e9 de la main-d&rsquo;\u0153uvre temporaire se d\u00e9grade<\/span><\/b><span data-ccp-props=\"{}\">\u00a0<\/span><\/h2>\n<p><span data-contrast=\"auto\">La plupart des programmes de gestion de personnel temporaire \u00e9valuent la qualit\u00e9 au stade de la candidature\u00a0: exactitude du CV, d\u00e9lai de soumission et conformit\u00e9 des documents administratifs. Ces indicateurs sont mesurables, font l\u2019objet de rapports et sont presque totalement d\u00e9connect\u00e9s de la r\u00e9alit\u00e9 v\u00e9cue par l\u2019entreprise une fois la personne embauch\u00e9e.<\/span><span data-ccp-props=\"{}\">\u00a0<\/span><\/p>\n<p><span data-contrast=\"auto\">L&rsquo;entreprise \u00e9value la qualit\u00e9 au stade des r\u00e9sultats\u00a0: le projet a-t-il \u00e9t\u00e9 livr\u00e9\u00a0? Le responsable a-t-il demand\u00e9 le retour de cette personne\u00a0? Le besoin de comp\u00e9tences \u00e0 l&rsquo;origine de cette demande a-t-il \u00e9t\u00e9 combl\u00e9\u00a0?<\/span><span data-ccp-props=\"{}\">\u00a0<\/span><\/p>\n<p><span data-contrast=\"auto\">Dans de nombreux programmes actuels, ces deux d\u00e9finitions ne se rejoignent jamais, car personne ne s&rsquo;approprie le lien qui les unit.<\/span><span data-ccp-props=\"{}\">\u00a0<\/span><\/p>\n<p><a href=\"https:\/\/www.deloitte.com\/us\/en\/insights\/focus\/human-capital-trends\/2025\/closing-the-experience-gap-through-talent-development.html\" target=\"_blank\" rel=\"noopener\"><span data-contrast=\"none\">\u00c9tude de Deloitte sur les tendances mondiales en mati\u00e8re de capital humain pour 2025<\/span><\/a><span data-contrast=\"auto\">\u00a0\u00a0a constat\u00e9 que\u00a0\u00a0<\/span><b><span data-contrast=\"auto\">66%<\/span><\/b><span data-contrast=\"auto\">\u00a0Selon de nombreux cadres et dirigeants, les derni\u00e8res recrues n&rsquo;\u00e9taient pas pleinement pr\u00e9par\u00e9es aux exigences r\u00e9elles du travail. Et selon\u2026\u00a0<\/span><a href=\"https:\/\/www.weforum.org\/publications\/the-future-of-jobs-report-2025\/\" target=\"_blank\" rel=\"noopener\"><span data-contrast=\"none\">Rapport du Forum \u00e9conomique mondial sur l&rsquo;avenir de l&#8217;emploi 2025<\/span><\/a><span data-contrast=\"auto\">,\u00a0<\/span><b><span data-contrast=\"auto\">63%<\/span><\/b><span data-contrast=\"auto\">\u00a0La plupart des employeurs consid\u00e8rent le manque de comp\u00e9tences comme le principal obstacle \u00e0 la transformation de leur entreprise au cours des cinq prochaines ann\u00e9es. L&rsquo;\u00e9cart entre ce qui est mesur\u00e9 et ce qui compte r\u00e9ellement n&rsquo;est pas un probl\u00e8me de recrutement, mais un probl\u00e8me de conception des programmes.<\/span><span data-ccp-props=\"{}\">\u00a0<\/span><\/p>\n<h2><strong><span class=\"TextRun SCXW3451951 BCX0\" lang=\"EN-US\" xml:lang=\"EN-US\" data-contrast=\"auto\"><span class=\"NormalTextRun SCXW3451951 BCX0\">Ce que signifie \u00ab\u00a0un recrutement de qualit\u00e9\u00a0\u00bb pour les achats, les RH et le responsable du recrutement<\/span><\/span><\/strong><\/h2>\n<p><span class=\"TextRun SCXW198166370 BCX0\" lang=\"EN-US\" xml:lang=\"EN-US\" data-contrast=\"auto\"><span class=\"NormalTextRun SCXW198166370 BCX0\">La qualit\u00e9 a une signification diff\u00e9rente pour chaque partie prenante \u2013 et la plupart des programmes n&rsquo;ont jamais demand\u00e9 aux trois de s&rsquo;entendre sur une d\u00e9finition commune.<\/span><\/span><span class=\"EOP SCXW198166370 BCX0\" data-ccp-props=\"{}\">\u00a0<\/span><\/p>\n<table style=\"font-weight: 400;\" data-tablestyle=\"MsoTableGridLight\" data-tablelook=\"1184\" aria-rowcount=\"4\">\n<tbody>\n<tr style=\"background-color: #293b95; color: #fff;\" aria-rowindex=\"1\">\n<td data-celllook=\"65536\"><b><span data-contrast=\"none\">OMS<\/span><\/b><span data-ccp-props=\"{&quot;201341983&quot;:0,&quot;335559739&quot;:160,&quot;335559740&quot;:278}\">\u00a0<\/span><\/td>\n<td data-celllook=\"65536\"><b><span data-contrast=\"none\">Comment ils d\u00e9finissent la qualit\u00e9<\/span><\/b><span data-ccp-props=\"{&quot;201341983&quot;:0,&quot;335559739&quot;:160,&quot;335559740&quot;:278}\">\u00a0<\/span><\/td>\n<\/tr>\n<tr aria-rowindex=\"2\">\n<td data-celllook=\"0\"><b><span data-contrast=\"auto\">Responsable du recrutement<\/span><\/b><span data-ccp-props=\"{&quot;201341983&quot;:0,&quot;335559739&quot;:160,&quot;335559740&quot;:278}\">\u00a0<\/span><\/td>\n<td data-celllook=\"0\"><span data-contrast=\"auto\">\u00c9taient-ils pr\u00eats \u00e0 arriver ? Ai-je d\u00fb les prendre par la main ? Les solliciterais-je \u00e0 nouveau ?<\/span><span data-ccp-props=\"{&quot;201341983&quot;:0,&quot;335559739&quot;:160,&quot;335559740&quot;:278}\">\u00a0<\/span><\/td>\n<\/tr>\n<tr aria-rowindex=\"3\">\n<td data-celllook=\"0\"><b><span data-contrast=\"auto\">Approvisionnement<\/span><\/b><span data-ccp-props=\"{&quot;201341983&quot;:0,&quot;335559739&quot;:160,&quot;335559740&quot;:278}\">\u00a0<\/span><\/td>\n<td data-celllook=\"0\"><span data-contrast=\"auto\">Le fournisseur a-t-il respect\u00e9 le tarif, les d\u00e9lais et les normes de conformit\u00e9 ?<\/span><span data-ccp-props=\"{&quot;201341983&quot;:0,&quot;335559739&quot;:160,&quot;335559740&quot;:278}\">\u00a0<\/span><\/td>\n<\/tr>\n<tr aria-rowindex=\"4\">\n<td data-celllook=\"0\"><b><span data-contrast=\"auto\">RH \/ TA<\/span><\/b><span data-ccp-props=\"{&quot;201341983&quot;:0,&quot;335559739&quot;:160,&quot;335559740&quot;:278}\">\u00a0<\/span><\/td>\n<td data-celllook=\"0\"><span data-contrast=\"auto\">Le candidat a-t-il pass\u00e9 la s\u00e9lection et l&rsquo;int\u00e9gration sans probl\u00e8me\u00a0?<\/span><span data-ccp-props=\"{&quot;201341983&quot;:0,&quot;335559739&quot;:160,&quot;335559740&quot;:278}\">\u00a0<\/span><\/td>\n<\/tr>\n<\/tbody>\n<\/table>\n<p><span data-contrast=\"auto\">Aucune de ces d\u00e9finitions n&rsquo;est fausse. Mais aucune ne permet de d\u00e9terminer si l&#8217;embauche a r\u00e9ellement contribu\u00e9 \u00e0 un r\u00e9sultat commercial.<\/span><span data-ccp-props=\"{}\">\u00a0<\/span><\/p>\n<p><a href=\"https:\/\/kpmg.com\/kpmg-us\/content\/dam\/kpmg\/pdf\/2025\/rise-skills-based-talent-strategies.pdf\" target=\"_blank\" rel=\"noopener\"><span data-contrast=\"none\">\u00c9tude 2025 de KPMG sur les strat\u00e9gies de gestion des talents fond\u00e9es sur les comp\u00e9tences<\/span><\/a><span data-contrast=\"auto\">\u00a0\u00a0a constat\u00e9 que\u00a0\u00a0<\/span><b><span data-contrast=\"auto\">47%<\/span><\/b><span data-contrast=\"auto\"> Les entreprises ignorent souvent les lacunes de comp\u00e9tences de leurs employ\u00e9s actuels. Si une entreprise ignore ses propres lacunes, elle ne peut r\u00e9diger un descriptif de poste pertinent pour un recrutement ponctuel\u00a0; le probl\u00e8me de qualit\u00e9 se pose donc avant m\u00eame la soumission du premier CV.<\/span><span data-ccp-props=\"{}\">\u00a0<\/span><\/p>\n<p><span data-contrast=\"auto\">Les programmes qui comblent cet \u00e9cart ne le font pas gr\u00e2ce \u00e0 une nouvelle plateforme ou une mise \u00e0 jour des politiques. Ils y parviennent en s&rsquo;accordant \u2013 entre les services des achats, les RH et le responsable du recrutement \u2013 sur ce qu&rsquo;est un placement de qualit\u00e9 avant m\u00eame la r\u00e9ception de la premi\u00e8re candidature. Selon <\/span><a href=\"https:\/\/www.deloitte.com\/us\/en\/insights\/topics\/talent\/human-capital-trends\/2026\/creating-an-adaptable-workforce.html\" target=\"_blank\" rel=\"noopener\"><span data-contrast=\"none\">Tendances mondiales en mati\u00e8re de capital humain selon Deloitte pour 2026<\/span><\/a><span data-contrast=\"auto\">, les organisations qui adoptent une approche adaptative et ax\u00e9e sur l&rsquo;alignement de leurs effectifs sont\u00a0<\/span><b><span data-contrast=\"auto\">2,4 fois plus probable<\/span><\/b><span data-contrast=\"auto\">\u00a0\u00a0pour afficher de meilleurs r\u00e9sultats financiers.<\/span><span data-ccp-props=\"{}\">\u00a0<\/span><\/p>\n<h2><b><span data-contrast=\"auto\">Comment les tableaux de bord fournisseurs devraient \u00e9voluer au-del\u00e0 du simple taux et de la conformit\u00e9<\/span><\/b><span data-ccp-props=\"{}\">\u00a0<\/span><\/h2>\n<p><span data-contrast=\"auto\">La plupart des tableaux de bord des fournisseurs dans les programmes de gestion de personnel temporaire mesurent le taux de remplissage, le respect des tarifs et le d\u00e9lai de soumission. Ce sont des indicateurs de performance. Ils indiquent que le fournisseur a r\u00e9pondu, mais ne disent rien sur la pertinence de cette r\u00e9ponse ni sur l&rsquo;efficacit\u00e9 de la formation et de la conception du programme pour y parvenir.<\/span><span data-ccp-props=\"{}\">\u00a0<\/span><\/p>\n<p><span data-contrast=\"auto\">Ce qui est rarement mesur\u00e9\u00a0: le taux de d\u00e9part des jeunes employ\u00e9s, la satisfaction des responsables du recrutement, les red\u00e9ploiements et les taux de r\u00e9embauche. Les donn\u00e9es existent, mais elles ne sont pas communiqu\u00e9es au fournisseur de mani\u00e8re structur\u00e9e et en temps opportun.<\/span><span data-ccp-props=\"{}\">\u00a0<\/span><\/p>\n<p><a href=\"https:\/\/economicgraph.linkedin.com\/content\/dam\/me\/economicgraph\/en-us\/PDF\/skills-based-hiring-march-2025.pdf\" target=\"_blank\" rel=\"noopener\"><span data-contrast=\"none\">\u00c9tude de LinkedIn sur le recrutement bas\u00e9 sur les comp\u00e9tences (mars 2025)<\/span><\/a><span data-contrast=\"auto\">\u202font constat\u00e9 qu&rsquo;une approche ax\u00e9e sur les comp\u00e9tences peut \u00e9largir le vivier de talents qualifi\u00e9s en\u00a0<\/span><b><span data-contrast=\"auto\">6.1<\/span><\/b><span data-contrast=\"auto\"> fois &#8211; et par <\/span><b><span data-contrast=\"auto\">8.2<\/span><\/b><span data-contrast=\"auto\">\u00a0des p\u00e9riodes sp\u00e9cifiquement d\u00e9di\u00e9es aux r\u00f4les en IA.\u202f<\/span><a href=\"https:\/\/www.deloitte.com\/us\/en\/insights\/topics\/talent\/future-of-workforce-planning\/planning-work-outcomes.html\" target=\"_blank\" rel=\"noopener\"><span data-contrast=\"none\">Les recherches de Deloitte sur le passage des emplois aux comp\u00e9tences puis aux r\u00e9sultats<\/span><\/a><span data-contrast=\"auto\">\u202fCela confirme cette tendance\u00a0: 66\u00a0% des travailleurs affirment qu\u2019ils seraient plus enclins \u00e0 rester dans une entreprise qui les \u00e9value sur leurs comp\u00e9tences et leur potentiel plut\u00f4t que sur leur intitul\u00e9 de poste et leurs dipl\u00f4mes. Les fournisseurs inform\u00e9s des comp\u00e9tences requises dans les 90\u00a0premiers jours \u2013 et non des intitul\u00e9s de poste \u2013 ne se contentent pas de cibler leurs recrutements avec plus de pr\u00e9cision\u00a0; ils puisent dans un vivier de candidats fondamentalement plus vaste et mieux adapt\u00e9.<\/span><span data-ccp-props=\"{}\">\u00a0<\/span><\/p>\n<p><span data-contrast=\"auto\">Un autre signal m\u00e9rite d&rsquo;\u00eatre surveill\u00e9\u00a0: lorsque les responsables du recrutement contournent le programme et contactent directement les fournisseurs, c&rsquo;est un signe d&rsquo;alerte concernant la qualit\u00e9. Cela indique que le programme a perdu sa cr\u00e9dibilit\u00e9 aupr\u00e8s des personnes qu&rsquo;il est cens\u00e9 servir. Pour r\u00e9tablir cette confiance, il faut d&rsquo;abord d\u00e9finir ensemble ce qu&rsquo;est la qualit\u00e9, et non acc\u00e9l\u00e9rer le processus d&rsquo;approvisionnement.<\/span><span data-ccp-props=\"{}\">\u00a0<\/span><\/p>\n<h2><b><span data-contrast=\"auto\">\u00c0 quoi ressemblent de meilleurs indicateurs de performance (KPI) pour une main-d&rsquo;\u0153uvre temporaire de qualit\u00e9 ?<\/span><\/b><span data-ccp-props=\"{}\">\u00a0<\/span><\/h2>\n<p><span data-contrast=\"auto\">Vous n&rsquo;avez pas besoin de dizaines de nouvelles donn\u00e9es. Il vous faut trois moments dans chaque interaction o\u00f9 la qualit\u00e9 est d\u00e9finie, observ\u00e9e et comment\u00e9e.<\/span><span data-ccp-props=\"{}\">\u00a0<\/span><\/p>\n<table data-tablestyle=\"MsoTableGridLight\" data-tablelook=\"1184\" aria-rowcount=\"4\">\n<tbody>\n<tr style=\"background-color: #293b95; color: #fff;\" aria-rowindex=\"1\">\n<td data-celllook=\"65536\"><b><span data-contrast=\"none\">Quand<\/span><\/b><span data-ccp-props=\"{&quot;201341983&quot;:0,&quot;335559739&quot;:160,&quot;335559740&quot;:278}\">\u00a0<\/span><\/td>\n<td data-celllook=\"65536\"><b><span data-contrast=\"none\">Que d\u00e9finir<\/span><\/b><span data-ccp-props=\"{&quot;201341983&quot;:0,&quot;335559739&quot;:160,&quot;335559740&quot;:278}\">\u00a0<\/span><\/td>\n<td data-celllook=\"65536\"><b><span data-contrast=\"none\">Que mesurer<\/span><\/b><span data-ccp-props=\"{&quot;201341983&quot;:0,&quot;335559739&quot;:160,&quot;335559740&quot;:278}\">\u00a0<\/span><\/td>\n<\/tr>\n<tr aria-rowindex=\"2\">\n<td data-celllook=\"0\"><b><span data-contrast=\"auto\">Avant l&#8217;embauche<\/span><\/b><span data-ccp-props=\"{&quot;201341983&quot;:0,&quot;335559739&quot;:160,&quot;335559740&quot;:278}\">\u00a0<\/span><\/td>\n<td data-celllook=\"0\"><span data-contrast=\"auto\">Comp\u00e9tences requises dans les 90 premiers jours\u00a0; r\u00e9sultats attendus du poste, et non intitul\u00e9 du poste<\/span><span data-ccp-props=\"{&quot;201341983&quot;:0,&quot;335559739&quot;:160,&quot;335559740&quot;:278}\">\u00a0<\/span><\/td>\n<td data-celllook=\"0\"><span data-contrast=\"auto\">Taux d&rsquo;ad\u00e9quation des comp\u00e9tences ; score de clart\u00e9 de la demande<\/span><span data-ccp-props=\"{&quot;201341983&quot;:0,&quot;335559739&quot;:160,&quot;335559740&quot;:278}\">\u00a0<\/span><\/td>\n<\/tr>\n<tr aria-rowindex=\"3\">\n<td data-celllook=\"0\"><b><span data-contrast=\"auto\">Au d\u00e9but<\/span><\/b><span data-ccp-props=\"{&quot;201341983&quot;:0,&quot;335559739&quot;:160,&quot;335559740&quot;:278}\">\u00a0<\/span><\/td>\n<td data-celllook=\"0\"><span data-contrast=\"auto\">Attentes des responsables du recrutement ; ad\u00e9quation du processus d&rsquo;int\u00e9gration<\/span><span data-ccp-props=\"{&quot;201341983&quot;:0,&quot;335559739&quot;:160,&quot;335559740&quot;:278}\">\u00a0<\/span><\/td>\n<td data-celllook=\"0\"><span data-contrast=\"auto\">\u00c9valuation de l&rsquo;\u00e9tat de pr\u00e9paration au 30e jour ; ach\u00e8vement de l&rsquo;int\u00e9gration<\/span><span data-ccp-props=\"{&quot;201341983&quot;:0,&quot;335559739&quot;:160,&quot;335559740&quot;:278}\">\u00a0<\/span><\/td>\n<\/tr>\n<tr aria-rowindex=\"4\">\n<td data-celllook=\"0\"><b><span data-contrast=\"auto\">Apr\u00e8s les fian\u00e7ailles<\/span><\/b><span data-ccp-props=\"{&quot;201341983&quot;:0,&quot;335559739&quot;:160,&quot;335559740&quot;:278}\">\u00a0<\/span><\/td>\n<td data-celllook=\"0\"><span data-contrast=\"auto\">Contribution \u00e0 la livraison\u00a0; fid\u00e9lisation\u00a0; intention de r\u00e9embauche<\/span><span data-ccp-props=\"{&quot;201341983&quot;:0,&quot;335559739&quot;:160,&quot;335559740&quot;:278}\">\u00a0<\/span><\/td>\n<td data-celllook=\"0\"><span data-contrast=\"auto\">Satisfaction des gestionnaires\u00a0; attrition pr\u00e9coce\u00a0; taux de red\u00e9ploiement<\/span><span data-ccp-props=\"{&quot;201341983&quot;:0,&quot;335559739&quot;:160,&quot;335559740&quot;:278}\">\u00a0<\/span><\/td>\n<\/tr>\n<\/tbody>\n<\/table>\n<p><span data-contrast=\"auto\">Examinez ces \u00e9l\u00e9ments \u00e0 chaque \u00e9tape de la mission. Communiquez les r\u00e9sultats aux fournisseurs dans les 30 jours suivant le d\u00e9but de la mission. L&rsquo;objectif n&rsquo;est pas de cr\u00e9er un nouveau niveau de reporting, mais un langage commun qui relie les financeurs du programme, ses responsables et les fournisseurs qui le mettent en \u0153uvre.<\/span><span data-ccp-props=\"{}\">\u00a0<\/span><\/p>\n<h2><b><span data-contrast=\"auto\">Points communs aux meilleurs programmes<\/span><\/b><span data-ccp-props=\"{}\">\u00a0<\/span><\/h2>\n<p><span data-contrast=\"auto\">Quel que soit le niveau de maturit\u00e9 des programmes, une tendance se d\u00e9gage\u00a0: les programmes de gestion des effectifs temporaires qui garantissent une qualit\u00e9 constante ne sont pas toujours les plus rapides ni les plus comp\u00e9titifs en termes de prix. Ce sont ceux pour lesquels les services des achats, des ressources humaines et le responsable du recrutement se sont entendus \u2013 clairement et avant m\u00eame la publication de l\u2019offre d\u2019emploi \u2013 sur les crit\u00e8res de r\u00e9ussite une fois le poste pourvu.<\/span><span data-ccp-props=\"{}\">\u00a0<\/span><\/p>\n<p><span data-contrast=\"auto\">\u00c9laborer cette d\u00e9finition partag\u00e9e est plus complexe qu&rsquo;il n&rsquo;y para\u00eet. C&rsquo;est aussi l&rsquo;\u00e9l\u00e9ment le plus important qu&rsquo;un programme puisse poss\u00e9der.<\/span><span data-ccp-props=\"{}\">\u00a0<\/span><\/p>\n<h2><b><span data-contrast=\"auto\">Construisons de meilleurs programmes<\/span><\/b><span data-ccp-props=\"{}\">\u00a0<\/span><\/h2>\n<p><span data-contrast=\"auto\">Ces conversations \u2013 sur la qualit\u00e9 des candidats, la responsabilit\u00e9 des fournisseurs et ce que l\u2019exp\u00e9rience des responsables du recrutement r\u00e9v\u00e8le r\u00e9ellement sur la sant\u00e9 d\u2019un programme \u2013 sont au c\u0153ur de <\/span><a href=\"https:\/\/contingentstaffing.wbresearch.com\/\" target=\"_blank\" rel=\"noopener\"><span data-contrast=\"none\">Recrutement temporaire ProcureCon 2026<\/span><\/a><span data-contrast=\"auto\">, qui se d\u00e9roulera du 14 au 16 avril au JW Marriott Las Vegas Resort &amp; Spa.<\/span><span data-ccp-props=\"{}\">\u00a0<\/span><\/p>\n<p><span data-contrast=\"auto\">Si vous participez et souhaitez explorer comment faire \u00e9voluer la d\u00e9finition de la qualit\u00e9 de votre programme, du bureau du recruteur au cadre de gouvernance du programme, prenons contact.<\/span><span data-ccp-props=\"{}\">\u00a0<\/span><\/p>\n<p><a href=\"https:\/\/contingentstaffing.wbresearch.com\/\" target=\"_blank\" rel=\"noopener\"><img loading=\"lazy\" decoding=\"async\" class=\"size-large wp-image-22563\" title=\"Blog Build a Contingent Workforce Program That Measures Impact, Not Just Fill Rates Banner\" src=\"https:\/\/wpml.artech.com\/wp-content\/uploads\/2026\/03\/Blog-Build-a-Contingent-Workforce-Program-That-Measures-Impact-Not-Just-Fill-Rates-Banner-1024x239.jpg\" alt=\"Blog Build a Contingent Workforce Program That Measures Impact, Not Just Fill Rates Banner\" width=\"1024\" height=\"239\" \/><\/a><\/p>\n<p><em><span class=\"TextRun SCXW71066559 BCX0\" lang=\"EN-US\" xml:lang=\"EN-US\" data-contrast=\"auto\"><span class=\"NormalTextRun SCXW71066559 BCX0\">Vinu Varghese est vice-pr\u00e9sidente associ\u00e9e chez Artech, la plus grande entreprise de recrutement informatique d\u00e9tenue par des femmes aux \u00c9tats-Unis.\u00a0<\/span><span class=\"NormalTextRun SCXW71066559 BCX0\">o\u00f9 il\u00a0<\/span><span class=\"NormalTextRun SCXW71066559 BCX0\">partenaire<\/span><span class=\"NormalTextRun SCXW71066559 BCX0\">s<\/span><span class=\"NormalTextRun SCXW71066559 BCX0\"> Il accompagne les dirigeants d&rsquo;entreprises et du secteur public dans l&rsquo;am\u00e9lioration de leurs strat\u00e9gies en mati\u00e8re de main-d&rsquo;\u0153uvre et de talents. Fort d&rsquo;une vaste exp\u00e9rience, il collabore avec les DSI, les DRH, les directeurs des op\u00e9rations et les directeurs financiers afin de passer d&rsquo;une approche bas\u00e9e sur le taux de recrutement \u00e0 une approche ax\u00e9e sur des r\u00e9sultats concrets, tels que la r\u00e9alisation des projets, la couverture des comp\u00e9tences, les co\u00fbts et les risques.<\/span><\/span><span class=\"EOP SCXW71066559 BCX0\" data-ccp-props=\"{}\">\u00a0<\/span><\/em><\/p>\n","protected":false},"excerpt":{"rendered":"<p>Un probl\u00e8me de qualit\u00e9 li\u00e9 \u00e0 la main-d&rsquo;\u0153uvre temporaire ne se manifeste pas par une simple erreur. Il peut s&rsquo;agir [&hellip;]<\/p>\n","protected":false},"author":3,"featured_media":21859,"comment_status":"closed","ping_status":"open","sticky":false,"template":"","format":"standard","meta":{"_acf_changed":false,"_monsterinsights_skip_tracking":false,"_monsterinsights_sitenote_active":false,"_monsterinsights_sitenote_note":"","_monsterinsights_sitenote_category":0,"_glsr_average":0,"_glsr_ranking":0,"_glsr_reviews":0,"footnotes":""},"categories":[56],"tags":[],"class_list":["post-21857","post","type-post","status-publish","format-standard","has-post-thumbnail","hentry","category-blog"],"acf":[],"yoast_head":"<!-- This site is optimized with the Yoast SEO plugin v27.4 - https:\/\/yoast.com\/product\/yoast-seo-wordpress\/ -->\n<title>Faites de la qualit\u00e9 des candidats un indicateur de la main-d\u2019\u0153uvre contingente, et non un simple objectif de recrutement | Artech<\/title>\n<meta name=\"description\" content=\"Faites de la qualit\u00e9 des candidats un indicateur cl\u00e9 de performance (KPI) mesurable pour votre personnel int\u00e9rimaire, et non un simple objectif de recrutement. D\u00e9couvrez comment l&#039;alignement des RH, des achats et des responsables du recrutement am\u00e9liore les r\u00e9sultats en mati\u00e8re d&#039;embauche et l&#039;impact sur l&#039;entreprise.\" \/>\n<meta name=\"robots\" content=\"index, follow, max-snippet:-1, max-image-preview:large, max-video-preview:-1\" \/>\n<link rel=\"canonical\" href=\"https:\/\/www.artech.com\/fr\/blog\/make-candidate-quality-a-contingent-workforce-metric\/\" \/>\n<meta property=\"og:locale\" content=\"fr_FR\" \/>\n<meta property=\"og:type\" content=\"article\" \/>\n<meta property=\"og:title\" content=\"Faites de la qualit\u00e9 des candidats un indicateur de la main-d\u2019\u0153uvre contingente, et non un simple objectif de recrutement | Artech\" \/>\n<meta property=\"og:description\" content=\"Faites de la qualit\u00e9 des candidats un indicateur cl\u00e9 de performance (KPI) mesurable pour votre personnel int\u00e9rimaire, et non un simple objectif de recrutement. D\u00e9couvrez comment l&#039;alignement des RH, des achats et des responsables du recrutement am\u00e9liore les r\u00e9sultats en mati\u00e8re d&#039;embauche et l&#039;impact sur l&#039;entreprise.\" \/>\n<meta property=\"og:url\" content=\"https:\/\/www.artech.com\/fr\/blog\/make-candidate-quality-a-contingent-workforce-metric\/\" \/>\n<meta property=\"og:site_name\" content=\"Artech\" \/>\n<meta property=\"article:publisher\" content=\"https:\/\/www.facebook.com\/ArtechLLC2\" \/>\n<meta property=\"article:published_time\" content=\"2026-04-02T16:01:09+00:00\" \/>\n<meta property=\"article:modified_time\" content=\"2026-04-07T12:08:58+00:00\" \/>\n<meta property=\"og:image\" content=\"https:\/\/www.artech.com\/wp-content\/uploads\/2026\/04\/Blog-Make-Candidate-Quality-a-Contingent-Workforce-Metric-Not-Just-a-Recruiting-Goal-AdobeStock_1945914167-scaled-1.jpeg\" \/>\n\t<meta property=\"og:image:width\" content=\"2560\" \/>\n\t<meta property=\"og:image:height\" content=\"1707\" \/>\n\t<meta property=\"og:image:type\" content=\"image\/jpeg\" \/>\n<meta name=\"author\" content=\"Artech Marketing\" \/>\n<meta name=\"twitter:card\" content=\"summary_large_image\" \/>\n<meta name=\"twitter:creator\" content=\"@Artech_LLC\" \/>\n<meta name=\"twitter:site\" content=\"@Artech_LLC\" \/>\n<meta name=\"twitter:label1\" content=\"\u00c9crit par\" \/>\n\t<meta name=\"twitter:data1\" content=\"Artech Marketing\" \/>\n\t<meta name=\"twitter:label2\" content=\"Dur\u00e9e de lecture estim\u00e9e\" \/>\n\t<meta name=\"twitter:data2\" content=\"7 minutes\" \/>\n<script type=\"application\/ld+json\" class=\"yoast-schema-graph\">{\"@context\":\"https:\\\/\\\/schema.org\",\"@graph\":[{\"@type\":\"Article\",\"@id\":\"https:\\\/\\\/www.artech.com\\\/fr\\\/blog\\\/make-candidate-quality-a-contingent-workforce-metric\\\/#article\",\"isPartOf\":{\"@id\":\"https:\\\/\\\/www.artech.com\\\/fr\\\/blog\\\/make-candidate-quality-a-contingent-workforce-metric\\\/\"},\"author\":{\"name\":\"Artech Marketing\",\"@id\":\"https:\\\/\\\/www.artech.com\\\/fr\\\/#\\\/schema\\\/person\\\/76f7b46f879385a770eac84d1eda5e42\"},\"headline\":\"Faites de la qualit\u00e9 des candidats un indicateur de la main-d&#8217;\u0153uvre contingente, et non simplement un objectif de recrutement.\",\"datePublished\":\"2026-04-02T16:01:09+00:00\",\"dateModified\":\"2026-04-07T12:08:58+00:00\",\"mainEntityOfPage\":{\"@id\":\"https:\\\/\\\/www.artech.com\\\/fr\\\/blog\\\/make-candidate-quality-a-contingent-workforce-metric\\\/\"},\"wordCount\":1649,\"publisher\":{\"@id\":\"https:\\\/\\\/www.artech.com\\\/fr\\\/#organization\"},\"image\":{\"@id\":\"https:\\\/\\\/www.artech.com\\\/fr\\\/blog\\\/make-candidate-quality-a-contingent-workforce-metric\\\/#primaryimage\"},\"thumbnailUrl\":\"https:\\\/\\\/www.artech.com\\\/wp-content\\\/uploads\\\/2026\\\/04\\\/Blog-Make-Candidate-Quality-a-Contingent-Workforce-Metric-Not-Just-a-Recruiting-Goal-AdobeStock_1945914167-scaled-1.jpeg\",\"articleSection\":[\"blog\"],\"inLanguage\":\"fr-FR\"},{\"@type\":\"WebPage\",\"@id\":\"https:\\\/\\\/www.artech.com\\\/fr\\\/blog\\\/make-candidate-quality-a-contingent-workforce-metric\\\/\",\"url\":\"https:\\\/\\\/www.artech.com\\\/fr\\\/blog\\\/make-candidate-quality-a-contingent-workforce-metric\\\/\",\"name\":\"Faites de la qualit\u00e9 des candidats un indicateur de la main-d\u2019\u0153uvre contingente, et non un simple objectif de recrutement | Artech\",\"isPartOf\":{\"@id\":\"https:\\\/\\\/www.artech.com\\\/fr\\\/#website\"},\"primaryImageOfPage\":{\"@id\":\"https:\\\/\\\/www.artech.com\\\/fr\\\/blog\\\/make-candidate-quality-a-contingent-workforce-metric\\\/#primaryimage\"},\"image\":{\"@id\":\"https:\\\/\\\/www.artech.com\\\/fr\\\/blog\\\/make-candidate-quality-a-contingent-workforce-metric\\\/#primaryimage\"},\"thumbnailUrl\":\"https:\\\/\\\/www.artech.com\\\/wp-content\\\/uploads\\\/2026\\\/04\\\/Blog-Make-Candidate-Quality-a-Contingent-Workforce-Metric-Not-Just-a-Recruiting-Goal-AdobeStock_1945914167-scaled-1.jpeg\",\"datePublished\":\"2026-04-02T16:01:09+00:00\",\"dateModified\":\"2026-04-07T12:08:58+00:00\",\"description\":\"Faites de la qualit\u00e9 des candidats un indicateur cl\u00e9 de performance (KPI) mesurable pour votre personnel int\u00e9rimaire, et non un simple objectif de recrutement. D\u00e9couvrez comment l'alignement des RH, des achats et des responsables du recrutement am\u00e9liore les r\u00e9sultats en mati\u00e8re d'embauche et l'impact sur l'entreprise.\",\"breadcrumb\":{\"@id\":\"https:\\\/\\\/www.artech.com\\\/fr\\\/blog\\\/make-candidate-quality-a-contingent-workforce-metric\\\/#breadcrumb\"},\"inLanguage\":\"fr-FR\",\"potentialAction\":[{\"@type\":\"ReadAction\",\"target\":[\"https:\\\/\\\/www.artech.com\\\/fr\\\/blog\\\/make-candidate-quality-a-contingent-workforce-metric\\\/\"]}]},{\"@type\":\"ImageObject\",\"inLanguage\":\"fr-FR\",\"@id\":\"https:\\\/\\\/www.artech.com\\\/fr\\\/blog\\\/make-candidate-quality-a-contingent-workforce-metric\\\/#primaryimage\",\"url\":\"https:\\\/\\\/www.artech.com\\\/wp-content\\\/uploads\\\/2026\\\/04\\\/Blog-Make-Candidate-Quality-a-Contingent-Workforce-Metric-Not-Just-a-Recruiting-Goal-AdobeStock_1945914167-scaled-1.jpeg\",\"contentUrl\":\"https:\\\/\\\/www.artech.com\\\/wp-content\\\/uploads\\\/2026\\\/04\\\/Blog-Make-Candidate-Quality-a-Contingent-Workforce-Metric-Not-Just-a-Recruiting-Goal-AdobeStock_1945914167-scaled-1.jpeg\",\"width\":2560,\"height\":1707,\"caption\":\"Blog Make Candidate Quality a Contingent Workforce Metric Not Just a Recruiting Goal AdobeStock 1945914167 scaled\"},{\"@type\":\"BreadcrumbList\",\"@id\":\"https:\\\/\\\/www.artech.com\\\/fr\\\/blog\\\/make-candidate-quality-a-contingent-workforce-metric\\\/#breadcrumb\",\"itemListElement\":[{\"@type\":\"ListItem\",\"position\":1,\"name\":\"Home\",\"item\":\"https:\\\/\\\/www.artech.com\\\/fr\\\/\"},{\"@type\":\"ListItem\",\"position\":2,\"name\":\"Faites de la qualit\u00e9 des candidats un indicateur de la main-d&#8217;\u0153uvre contingente, et non simplement un objectif de recrutement.\"}]},{\"@type\":\"WebSite\",\"@id\":\"https:\\\/\\\/www.artech.com\\\/fr\\\/#website\",\"url\":\"https:\\\/\\\/www.artech.com\\\/fr\\\/\",\"name\":\"Artech\",\"description\":\"Intelligence is Human\",\"publisher\":{\"@id\":\"https:\\\/\\\/www.artech.com\\\/fr\\\/#organization\"},\"potentialAction\":[{\"@type\":\"SearchAction\",\"target\":{\"@type\":\"EntryPoint\",\"urlTemplate\":\"https:\\\/\\\/www.artech.com\\\/fr\\\/?s={search_term_string}\"},\"query-input\":{\"@type\":\"PropertyValueSpecification\",\"valueRequired\":true,\"valueName\":\"search_term_string\"}}],\"inLanguage\":\"fr-FR\"},{\"@type\":\"Organization\",\"@id\":\"https:\\\/\\\/www.artech.com\\\/fr\\\/#organization\",\"name\":\"Artech\",\"url\":\"https:\\\/\\\/www.artech.com\\\/fr\\\/\",\"logo\":{\"@type\":\"ImageObject\",\"inLanguage\":\"fr-FR\",\"@id\":\"https:\\\/\\\/www.artech.com\\\/fr\\\/#\\\/schema\\\/logo\\\/image\\\/\",\"url\":\"https:\\\/\\\/www.artech.com\\\/wp-content\\\/uploads\\\/2020\\\/12\\\/Artech-Logo.png\",\"contentUrl\":\"https:\\\/\\\/www.artech.com\\\/wp-content\\\/uploads\\\/2020\\\/12\\\/Artech-Logo.png\",\"width\":1435,\"height\":580,\"caption\":\"Artech\"},\"image\":{\"@id\":\"https:\\\/\\\/www.artech.com\\\/fr\\\/#\\\/schema\\\/logo\\\/image\\\/\"},\"sameAs\":[\"https:\\\/\\\/www.facebook.com\\\/ArtechLLC2\",\"https:\\\/\\\/x.com\\\/Artech_LLC\",\"https:\\\/\\\/www.linkedin.com\\\/company\\\/artechllc\\\/\",\"https:\\\/\\\/www.youtube.com\\\/c\\\/ArtechLLC\\\/videos\"]},{\"@type\":\"Person\",\"@id\":\"https:\\\/\\\/www.artech.com\\\/fr\\\/#\\\/schema\\\/person\\\/76f7b46f879385a770eac84d1eda5e42\",\"name\":\"Artech Marketing\",\"image\":{\"@type\":\"ImageObject\",\"inLanguage\":\"fr-FR\",\"@id\":\"https:\\\/\\\/secure.gravatar.com\\\/avatar\\\/e473ef97da3f928787c37d4635054367d31ff8e7c953176b8cff434346c010a7?s=96&d=mm&r=g\",\"url\":\"https:\\\/\\\/secure.gravatar.com\\\/avatar\\\/e473ef97da3f928787c37d4635054367d31ff8e7c953176b8cff434346c010a7?s=96&d=mm&r=g\",\"contentUrl\":\"https:\\\/\\\/secure.gravatar.com\\\/avatar\\\/e473ef97da3f928787c37d4635054367d31ff8e7c953176b8cff434346c010a7?s=96&d=mm&r=g\",\"caption\":\"Artech Marketing\"},\"url\":\"https:\\\/\\\/www.artech.com\\\/fr\\\/author\\\/artech_marketing\\\/\"}]}<\/script>\n<!-- \/ Yoast SEO plugin. -->","yoast_head_json":{"title":"Faites de la qualit\u00e9 des candidats un indicateur de la main-d\u2019\u0153uvre contingente, et non un simple objectif de recrutement | Artech","description":"Faites de la qualit\u00e9 des candidats un indicateur cl\u00e9 de performance (KPI) mesurable pour votre personnel int\u00e9rimaire, et non un simple objectif de recrutement. D\u00e9couvrez comment l'alignement des RH, des achats et des responsables du recrutement am\u00e9liore les r\u00e9sultats en mati\u00e8re d'embauche et l'impact sur l'entreprise.","robots":{"index":"index","follow":"follow","max-snippet":"max-snippet:-1","max-image-preview":"max-image-preview:large","max-video-preview":"max-video-preview:-1"},"canonical":"https:\/\/www.artech.com\/fr\/blog\/make-candidate-quality-a-contingent-workforce-metric\/","og_locale":"fr_FR","og_type":"article","og_title":"Faites de la qualit\u00e9 des candidats un indicateur de la main-d\u2019\u0153uvre contingente, et non un simple objectif de recrutement | Artech","og_description":"Faites de la qualit\u00e9 des candidats un indicateur cl\u00e9 de performance (KPI) mesurable pour votre personnel int\u00e9rimaire, et non un simple objectif de recrutement. D\u00e9couvrez comment l'alignement des RH, des achats et des responsables du recrutement am\u00e9liore les r\u00e9sultats en mati\u00e8re d'embauche et l'impact sur l'entreprise.","og_url":"https:\/\/www.artech.com\/fr\/blog\/make-candidate-quality-a-contingent-workforce-metric\/","og_site_name":"Artech","article_publisher":"https:\/\/www.facebook.com\/ArtechLLC2","article_published_time":"2026-04-02T16:01:09+00:00","article_modified_time":"2026-04-07T12:08:58+00:00","og_image":[{"width":2560,"height":1707,"url":"https:\/\/www.artech.com\/wp-content\/uploads\/2026\/04\/Blog-Make-Candidate-Quality-a-Contingent-Workforce-Metric-Not-Just-a-Recruiting-Goal-AdobeStock_1945914167-scaled-1.jpeg","type":"image\/jpeg"}],"author":"Artech Marketing","twitter_card":"summary_large_image","twitter_creator":"@Artech_LLC","twitter_site":"@Artech_LLC","twitter_misc":{"\u00c9crit par":"Artech Marketing","Dur\u00e9e de lecture estim\u00e9e":"7 minutes"},"schema":{"@context":"https:\/\/schema.org","@graph":[{"@type":"Article","@id":"https:\/\/www.artech.com\/fr\/blog\/make-candidate-quality-a-contingent-workforce-metric\/#article","isPartOf":{"@id":"https:\/\/www.artech.com\/fr\/blog\/make-candidate-quality-a-contingent-workforce-metric\/"},"author":{"name":"Artech Marketing","@id":"https:\/\/www.artech.com\/fr\/#\/schema\/person\/76f7b46f879385a770eac84d1eda5e42"},"headline":"Faites de la qualit\u00e9 des candidats un indicateur de la main-d&#8217;\u0153uvre contingente, et non simplement un objectif de recrutement.","datePublished":"2026-04-02T16:01:09+00:00","dateModified":"2026-04-07T12:08:58+00:00","mainEntityOfPage":{"@id":"https:\/\/www.artech.com\/fr\/blog\/make-candidate-quality-a-contingent-workforce-metric\/"},"wordCount":1649,"publisher":{"@id":"https:\/\/www.artech.com\/fr\/#organization"},"image":{"@id":"https:\/\/www.artech.com\/fr\/blog\/make-candidate-quality-a-contingent-workforce-metric\/#primaryimage"},"thumbnailUrl":"https:\/\/www.artech.com\/wp-content\/uploads\/2026\/04\/Blog-Make-Candidate-Quality-a-Contingent-Workforce-Metric-Not-Just-a-Recruiting-Goal-AdobeStock_1945914167-scaled-1.jpeg","articleSection":["blog"],"inLanguage":"fr-FR"},{"@type":"WebPage","@id":"https:\/\/www.artech.com\/fr\/blog\/make-candidate-quality-a-contingent-workforce-metric\/","url":"https:\/\/www.artech.com\/fr\/blog\/make-candidate-quality-a-contingent-workforce-metric\/","name":"Faites de la qualit\u00e9 des candidats un indicateur de la main-d\u2019\u0153uvre contingente, et non un simple objectif de recrutement | Artech","isPartOf":{"@id":"https:\/\/www.artech.com\/fr\/#website"},"primaryImageOfPage":{"@id":"https:\/\/www.artech.com\/fr\/blog\/make-candidate-quality-a-contingent-workforce-metric\/#primaryimage"},"image":{"@id":"https:\/\/www.artech.com\/fr\/blog\/make-candidate-quality-a-contingent-workforce-metric\/#primaryimage"},"thumbnailUrl":"https:\/\/www.artech.com\/wp-content\/uploads\/2026\/04\/Blog-Make-Candidate-Quality-a-Contingent-Workforce-Metric-Not-Just-a-Recruiting-Goal-AdobeStock_1945914167-scaled-1.jpeg","datePublished":"2026-04-02T16:01:09+00:00","dateModified":"2026-04-07T12:08:58+00:00","description":"Faites de la qualit\u00e9 des candidats un indicateur cl\u00e9 de performance (KPI) mesurable pour votre personnel int\u00e9rimaire, et non un simple objectif de recrutement. D\u00e9couvrez comment l'alignement des RH, des achats et des responsables du recrutement am\u00e9liore les r\u00e9sultats en mati\u00e8re d'embauche et l'impact sur l'entreprise.","breadcrumb":{"@id":"https:\/\/www.artech.com\/fr\/blog\/make-candidate-quality-a-contingent-workforce-metric\/#breadcrumb"},"inLanguage":"fr-FR","potentialAction":[{"@type":"ReadAction","target":["https:\/\/www.artech.com\/fr\/blog\/make-candidate-quality-a-contingent-workforce-metric\/"]}]},{"@type":"ImageObject","inLanguage":"fr-FR","@id":"https:\/\/www.artech.com\/fr\/blog\/make-candidate-quality-a-contingent-workforce-metric\/#primaryimage","url":"https:\/\/www.artech.com\/wp-content\/uploads\/2026\/04\/Blog-Make-Candidate-Quality-a-Contingent-Workforce-Metric-Not-Just-a-Recruiting-Goal-AdobeStock_1945914167-scaled-1.jpeg","contentUrl":"https:\/\/www.artech.com\/wp-content\/uploads\/2026\/04\/Blog-Make-Candidate-Quality-a-Contingent-Workforce-Metric-Not-Just-a-Recruiting-Goal-AdobeStock_1945914167-scaled-1.jpeg","width":2560,"height":1707,"caption":"Blog Make Candidate Quality a Contingent Workforce Metric Not Just a Recruiting Goal AdobeStock 1945914167 scaled"},{"@type":"BreadcrumbList","@id":"https:\/\/www.artech.com\/fr\/blog\/make-candidate-quality-a-contingent-workforce-metric\/#breadcrumb","itemListElement":[{"@type":"ListItem","position":1,"name":"Home","item":"https:\/\/www.artech.com\/fr\/"},{"@type":"ListItem","position":2,"name":"Faites de la qualit\u00e9 des candidats un indicateur de la main-d&#8217;\u0153uvre contingente, et non simplement un objectif de recrutement."}]},{"@type":"WebSite","@id":"https:\/\/www.artech.com\/fr\/#website","url":"https:\/\/www.artech.com\/fr\/","name":"Artech","description":"Intelligence is Human","publisher":{"@id":"https:\/\/www.artech.com\/fr\/#organization"},"potentialAction":[{"@type":"SearchAction","target":{"@type":"EntryPoint","urlTemplate":"https:\/\/www.artech.com\/fr\/?s={search_term_string}"},"query-input":{"@type":"PropertyValueSpecification","valueRequired":true,"valueName":"search_term_string"}}],"inLanguage":"fr-FR"},{"@type":"Organization","@id":"https:\/\/www.artech.com\/fr\/#organization","name":"Artech","url":"https:\/\/www.artech.com\/fr\/","logo":{"@type":"ImageObject","inLanguage":"fr-FR","@id":"https:\/\/www.artech.com\/fr\/#\/schema\/logo\/image\/","url":"https:\/\/www.artech.com\/wp-content\/uploads\/2020\/12\/Artech-Logo.png","contentUrl":"https:\/\/www.artech.com\/wp-content\/uploads\/2020\/12\/Artech-Logo.png","width":1435,"height":580,"caption":"Artech"},"image":{"@id":"https:\/\/www.artech.com\/fr\/#\/schema\/logo\/image\/"},"sameAs":["https:\/\/www.facebook.com\/ArtechLLC2","https:\/\/x.com\/Artech_LLC","https:\/\/www.linkedin.com\/company\/artechllc\/","https:\/\/www.youtube.com\/c\/ArtechLLC\/videos"]},{"@type":"Person","@id":"https:\/\/www.artech.com\/fr\/#\/schema\/person\/76f7b46f879385a770eac84d1eda5e42","name":"Artech Marketing","image":{"@type":"ImageObject","inLanguage":"fr-FR","@id":"https:\/\/secure.gravatar.com\/avatar\/e473ef97da3f928787c37d4635054367d31ff8e7c953176b8cff434346c010a7?s=96&d=mm&r=g","url":"https:\/\/secure.gravatar.com\/avatar\/e473ef97da3f928787c37d4635054367d31ff8e7c953176b8cff434346c010a7?s=96&d=mm&r=g","contentUrl":"https:\/\/secure.gravatar.com\/avatar\/e473ef97da3f928787c37d4635054367d31ff8e7c953176b8cff434346c010a7?s=96&d=mm&r=g","caption":"Artech Marketing"},"url":"https:\/\/www.artech.com\/fr\/author\/artech_marketing\/"}]}},"_links":{"self":[{"href":"https:\/\/www.artech.com\/fr\/wp-json\/wp\/v2\/posts\/21857","targetHints":{"allow":["GET"]}}],"collection":[{"href":"https:\/\/www.artech.com\/fr\/wp-json\/wp\/v2\/posts"}],"about":[{"href":"https:\/\/www.artech.com\/fr\/wp-json\/wp\/v2\/types\/post"}],"author":[{"embeddable":true,"href":"https:\/\/www.artech.com\/fr\/wp-json\/wp\/v2\/users\/3"}],"replies":[{"embeddable":true,"href":"https:\/\/www.artech.com\/fr\/wp-json\/wp\/v2\/comments?post=21857"}],"version-history":[{"count":2,"href":"https:\/\/www.artech.com\/fr\/wp-json\/wp\/v2\/posts\/21857\/revisions"}],"predecessor-version":[{"id":21977,"href":"https:\/\/www.artech.com\/fr\/wp-json\/wp\/v2\/posts\/21857\/revisions\/21977"}],"wp:featuredmedia":[{"embeddable":true,"href":"https:\/\/www.artech.com\/fr\/wp-json\/wp\/v2\/media\/21859"}],"wp:attachment":[{"href":"https:\/\/www.artech.com\/fr\/wp-json\/wp\/v2\/media?parent=21857"}],"wp:term":[{"taxonomy":"category","embeddable":true,"href":"https:\/\/www.artech.com\/fr\/wp-json\/wp\/v2\/categories?post=21857"},{"taxonomy":"post_tag","embeddable":true,"href":"https:\/\/www.artech.com\/fr\/wp-json\/wp\/v2\/tags?post=21857"}],"curies":[{"name":"wp","href":"https:\/\/api.w.org\/{rel}","templated":true}]}}